{"id":3734,"date":"2023-11-19T15:42:24","date_gmt":"2023-11-19T14:42:24","guid":{"rendered":"https:\/\/fuveau.net\/?p=3734"},"modified":"2023-11-28T16:38:55","modified_gmt":"2023-11-28T15:38:55","slug":"miu-labbe","status":"publish","type":"post","link":"https:\/\/fuveau.net\/index.php\/2023\/11\/19\/miu-labbe\/","title":{"rendered":"Miu L&rsquo;abb\u00e8"},"content":{"rendered":"\n<p><strong>Parmi la quantit\u00e9 impressionnante de surnoms donn\u00e9s au village, il est quasiment impossible cent ans plus tard d&rsquo;en retrouver l&rsquo;origine. Pourquoi Marius D\u00e9pousier fut-il\u00a0 toujours connu sous le nom de Miu l&rsquo;Abb\u00e9 ? C&rsquo;est int\u00e9ressant ! Miu, parfois Meu, diminutif de Marius, c&rsquo;est facile, et l&rsquo;Abb\u00e9 c&rsquo;est parce que dans sa jeunesse il avait \u00e9t\u00e9<a href=\"fuveau.abat_definition.html\">\u00a0<\/a>\u00ab\u00a0<a href=\"https:\/\/fuveau.net\/index.php\/2023\/10\/23\/abat-definitions\/\">Abat<\/a>\u00ab\u00a0, terme qui n&rsquo;a rien de religieux mais qui d\u00e9signait le responsable de l&rsquo;organisation des f\u00eates votives de l&rsquo;ann\u00e9e. Le terme d&rsquo;Abat qui \u00e9tait employ\u00e9 entre autres \u00e0 Fuveau est \u00e0 rapprocher de \u00ab\u00a0l&rsquo;Abb\u00e9 de la Jeunesse\u00a0\u00bb qui d\u00e9signait \u00e0 peu pr\u00e8s la m\u00eame fonction \u00e0 Aix voire du \u00ab\u00a0Prieur\u00a0\u00bb qui d\u00e9signe toujours surtout dans la partie nord du d\u00e9partement le responsable des festivit\u00e9s et d\u00e9fil\u00e9s de la Saint-Eloi.<\/strong><\/p>\n\n\n<div class=\"wp-block-image\">\n<figure class=\"aligncenter size-full\"><img loading=\"lazy\" decoding=\"async\" width=\"449\" height=\"689\" src=\"https:\/\/fuveau.net\/wp-content\/uploads\/2023\/10\/Lacour_3870-1.jpg\" alt=\"\" class=\"wp-image-2690\" srcset=\"https:\/\/fuveau.net\/wp-content\/uploads\/2023\/10\/Lacour_3870-1.jpg 449w, https:\/\/fuveau.net\/wp-content\/uploads\/2023\/10\/Lacour_3870-1-196x300.jpg 196w\" sizes=\"auto, (max-width: 449px) 100vw, 449px\" \/><\/figure>\n<\/div>","protected":false},"excerpt":{"rendered":"<p>Parmi la quantit\u00e9 impressionnante de surnoms donn\u00e9s au village, il est quasiment impossible cent ans plus tard d&rsquo;en retrouver l&rsquo;origine. Pourquoi Marius D\u00e9pousier fut-il\u00a0 toujours connu sous le nom de Miu l&rsquo;Abb\u00e9 ? C&rsquo;est int\u00e9ressant ! Miu, parfois Meu, diminutif de Marius, c&rsquo;est facile, et l&rsquo;Abb\u00e9 c&rsquo;est parce que dans sa jeunesse il avait \u00e9t\u00e9\u00a0\u00ab\u00a0Abat\u00ab\u00a0, [&hellip;]<\/p>\n","protected":false},"author":3,"featured_media":1545,"comment_status":"closed","ping_status":"closed","sticky":false,"template":"","format":"standard","meta":{"_uag_custom_page_level_css":"","iawp_total_views":22,"footnotes":""},"categories":[6],"tags":[],"class_list":["post-3734","post","type-post","status-publish","format-standard","has-post-thumbnail","hentry","category-anecdotes","post-preview"],"yoast_head":"<!-- This site is optimized with the Yoast SEO plugin v27.4 - https:\/\/yoast.com\/product\/yoast-seo-wordpress\/ -->\n<title>Miu L&#039;abb\u00e8 - Petites et grandes Histoires de Fuveau<\/title>\n<meta name=\"robots\" content=\"index, follow, max-snippet:-1, max-image-preview:large, max-video-preview:-1\" \/>\n<link rel=\"canonical\" href=\"https:\/\/fuveau.net\/index.php\/2023\/11\/19\/miu-labbe\/\" \/>\n<meta property=\"og:locale\" content=\"fr_FR\" \/>\n<meta property=\"og:type\" content=\"article\" \/>\n<meta property=\"og:title\" content=\"Miu L&#039;abb\u00e8 - Petites et grandes Histoires de Fuveau\" \/>\n<meta property=\"og:description\" content=\"Parmi la quantit\u00e9 impressionnante de surnoms donn\u00e9s au village, il est quasiment impossible cent ans plus tard d&rsquo;en retrouver l&rsquo;origine. Pourquoi Marius D\u00e9pousier fut-il\u00a0 toujours connu sous le nom de Miu l&rsquo;Abb\u00e9 ? C&rsquo;est int\u00e9ressant ! Miu, parfois Meu, diminutif de Marius, c&rsquo;est facile, et l&rsquo;Abb\u00e9 c&rsquo;est parce que dans sa jeunesse il avait \u00e9t\u00e9\u00a0\u00ab\u00a0Abat\u00ab\u00a0, [&hellip;]\" \/>\n<meta property=\"og:url\" content=\"https:\/\/fuveau.net\/index.php\/2023\/11\/19\/miu-labbe\/\" \/>\n<meta property=\"og:site_name\" content=\"Petites et grandes Histoires de Fuveau\" \/>\n<meta property=\"article:published_time\" content=\"2023-11-19T14:42:24+00:00\" \/>\n<meta property=\"article:modified_time\" content=\"2023-11-28T15:38:55+00:00\" \/>\n<meta property=\"og:image\" content=\"https:\/\/fuveau.net\/wp-content\/uploads\/2023\/09\/Lacour_3870-1.jpg\" \/>\n\t<meta property=\"og:image:width\" content=\"449\" \/>\n\t<meta property=\"og:image:height\" content=\"689\" \/>\n\t<meta property=\"og:image:type\" content=\"image\/jpeg\" \/>\n<meta name=\"author\" content=\"Jean-Fran\u00e7ois ROUBAUD\" \/>\n<meta name=\"twitter:card\" content=\"summary_large_image\" \/>\n<meta name=\"twitter:label1\" content=\"\u00c9crit par\" \/>\n\t<meta name=\"twitter:data1\" content=\"Jean-Fran\u00e7ois ROUBAUD\" \/>\n\t<meta name=\"twitter:label2\" content=\"Dur\u00e9e de lecture estim\u00e9e\" \/>\n\t<meta name=\"twitter:data2\" content=\"1 minute\" \/>\n<script type=\"application\/ld+json\" class=\"yoast-schema-graph\">{\"@context\":\"https:\\\/\\\/schema.org\",\"@graph\":[{\"@type\":\"Article\",\"@id\":\"https:\\\/\\\/fuveau.net\\\/index.php\\\/2023\\\/11\\\/19\\\/miu-labbe\\\/#article\",\"isPartOf\":{\"@id\":\"https:\\\/\\\/fuveau.net\\\/index.php\\\/2023\\\/11\\\/19\\\/miu-labbe\\\/\"},\"author\":{\"name\":\"Jean-Fran\u00e7ois ROUBAUD\",\"@id\":\"https:\\\/\\\/fuveau.net\\\/#\\\/schema\\\/person\\\/2334ed46226babe19f16b8c36a23e39d\"},\"headline\":\"Miu L&rsquo;abb\u00e8\",\"datePublished\":\"2023-11-19T14:42:24+00:00\",\"dateModified\":\"2023-11-28T15:38:55+00:00\",\"mainEntityOfPage\":{\"@id\":\"https:\\\/\\\/fuveau.net\\\/index.php\\\/2023\\\/11\\\/19\\\/miu-labbe\\\/\"},\"wordCount\":147,\"publisher\":{\"@id\":\"https:\\\/\\\/fuveau.net\\\/#organization\"},\"image\":{\"@id\":\"https:\\\/\\\/fuveau.net\\\/index.php\\\/2023\\\/11\\\/19\\\/miu-labbe\\\/#primaryimage\"},\"thumbnailUrl\":\"https:\\\/\\\/fuveau.net\\\/wp-content\\\/uploads\\\/2023\\\/09\\\/Lacour_3870-1.jpg\",\"articleSection\":[\"Anecdotes\"],\"inLanguage\":\"fr-FR\"},{\"@type\":\"WebPage\",\"@id\":\"https:\\\/\\\/fuveau.net\\\/index.php\\\/2023\\\/11\\\/19\\\/miu-labbe\\\/\",\"url\":\"https:\\\/\\\/fuveau.net\\\/index.php\\\/2023\\\/11\\\/19\\\/miu-labbe\\\/\",\"name\":\"Miu L'abb\u00e8 - Petites et grandes Histoires de Fuveau\",\"isPartOf\":{\"@id\":\"https:\\\/\\\/fuveau.net\\\/#website\"},\"primaryImageOfPage\":{\"@id\":\"https:\\\/\\\/fuveau.net\\\/index.php\\\/2023\\\/11\\\/19\\\/miu-labbe\\\/#primaryimage\"},\"image\":{\"@id\":\"https:\\\/\\\/fuveau.net\\\/index.php\\\/2023\\\/11\\\/19\\\/miu-labbe\\\/#primaryimage\"},\"thumbnailUrl\":\"https:\\\/\\\/fuveau.net\\\/wp-content\\\/uploads\\\/2023\\\/09\\\/Lacour_3870-1.jpg\",\"datePublished\":\"2023-11-19T14:42:24+00:00\",\"dateModified\":\"2023-11-28T15:38:55+00:00\",\"breadcrumb\":{\"@id\":\"https:\\\/\\\/fuveau.net\\\/index.php\\\/2023\\\/11\\\/19\\\/miu-labbe\\\/#breadcrumb\"},\"inLanguage\":\"fr-FR\",\"potentialAction\":[{\"@type\":\"ReadAction\",\"target\":[\"https:\\\/\\\/fuveau.net\\\/index.php\\\/2023\\\/11\\\/19\\\/miu-labbe\\\/\"]}]},{\"@type\":\"ImageObject\",\"inLanguage\":\"fr-FR\",\"@id\":\"https:\\\/\\\/fuveau.net\\\/index.php\\\/2023\\\/11\\\/19\\\/miu-labbe\\\/#primaryimage\",\"url\":\"https:\\\/\\\/fuveau.net\\\/wp-content\\\/uploads\\\/2023\\\/09\\\/Lacour_3870-1.jpg\",\"contentUrl\":\"https:\\\/\\\/fuveau.net\\\/wp-content\\\/uploads\\\/2023\\\/09\\\/Lacour_3870-1.jpg\",\"width\":449,\"height\":689},{\"@type\":\"BreadcrumbList\",\"@id\":\"https:\\\/\\\/fuveau.net\\\/index.php\\\/2023\\\/11\\\/19\\\/miu-labbe\\\/#breadcrumb\",\"itemListElement\":[{\"@type\":\"ListItem\",\"position\":1,\"name\":\"Accueil\",\"item\":\"https:\\\/\\\/fuveau.net\\\/\"},{\"@type\":\"ListItem\",\"position\":2,\"name\":\"Miu L&#8217;abb\u00e8\"}]},{\"@type\":\"WebSite\",\"@id\":\"https:\\\/\\\/fuveau.net\\\/#website\",\"url\":\"https:\\\/\\\/fuveau.net\\\/\",\"name\":\"Petites et grandes Histoires de Fuveau\",\"description\":\"Site patrimonial de l&#039;histoire de Fuveau\",\"publisher\":{\"@id\":\"https:\\\/\\\/fuveau.net\\\/#organization\"},\"potentialAction\":[{\"@type\":\"SearchAction\",\"target\":{\"@type\":\"EntryPoint\",\"urlTemplate\":\"https:\\\/\\\/fuveau.net\\\/?s={search_term_string}\"},\"query-input\":{\"@type\":\"PropertyValueSpecification\",\"valueRequired\":true,\"valueName\":\"search_term_string\"}}],\"inLanguage\":\"fr-FR\"},{\"@type\":\"Organization\",\"@id\":\"https:\\\/\\\/fuveau.net\\\/#organization\",\"name\":\"Petites et grandes Histoires de Fuveau\",\"url\":\"https:\\\/\\\/fuveau.net\\\/\",\"logo\":{\"@type\":\"ImageObject\",\"inLanguage\":\"fr-FR\",\"@id\":\"https:\\\/\\\/fuveau.net\\\/#\\\/schema\\\/logo\\\/image\\\/\",\"url\":\"https:\\\/\\\/fuveau.net\\\/wp-content\\\/uploads\\\/2023\\\/09\\\/logo-1.jpg\",\"contentUrl\":\"https:\\\/\\\/fuveau.net\\\/wp-content\\\/uploads\\\/2023\\\/09\\\/logo-1.jpg\",\"width\":815,\"height\":415,\"caption\":\"Petites et grandes Histoires de Fuveau\"},\"image\":{\"@id\":\"https:\\\/\\\/fuveau.net\\\/#\\\/schema\\\/logo\\\/image\\\/\"}},{\"@type\":\"Person\",\"@id\":\"https:\\\/\\\/fuveau.net\\\/#\\\/schema\\\/person\\\/2334ed46226babe19f16b8c36a23e39d\",\"name\":\"Jean-Fran\u00e7ois ROUBAUD\",\"image\":{\"@type\":\"ImageObject\",\"inLanguage\":\"fr-FR\",\"@id\":\"https:\\\/\\\/secure.gravatar.com\\\/avatar\\\/7aefd90c55045efd1b1d8cf411892125747ae3aa6b0cfd7ad6e61ec5450f6987?s=96&d=mm&r=g\",\"url\":\"https:\\\/\\\/secure.gravatar.com\\\/avatar\\\/7aefd90c55045efd1b1d8cf411892125747ae3aa6b0cfd7ad6e61ec5450f6987?s=96&d=mm&r=g\",\"contentUrl\":\"https:\\\/\\\/secure.gravatar.com\\\/avatar\\\/7aefd90c55045efd1b1d8cf411892125747ae3aa6b0cfd7ad6e61ec5450f6987?s=96&d=mm&r=g\",\"caption\":\"Jean-Fran\u00e7ois ROUBAUD\"},\"url\":\"https:\\\/\\\/fuveau.net\\\/index.php\\\/author\\\/jfber\\\/\"}]}<\/script>\n<!-- \/ Yoast SEO plugin. -->","yoast_head_json":{"title":"Miu L'abb\u00e8 - Petites et grandes Histoires de Fuveau","robots":{"index":"index","follow":"follow","max-snippet":"max-snippet:-1","max-image-preview":"max-image-preview:large","max-video-preview":"max-video-preview:-1"},"canonical":"https:\/\/fuveau.net\/index.php\/2023\/11\/19\/miu-labbe\/","og_locale":"fr_FR","og_type":"article","og_title":"Miu L'abb\u00e8 - Petites et grandes Histoires de Fuveau","og_description":"Parmi la quantit\u00e9 impressionnante de surnoms donn\u00e9s au village, il est quasiment impossible cent ans plus tard d&rsquo;en retrouver l&rsquo;origine. Pourquoi Marius D\u00e9pousier fut-il\u00a0 toujours connu sous le nom de Miu l&rsquo;Abb\u00e9 ? C&rsquo;est int\u00e9ressant ! Miu, parfois Meu, diminutif de Marius, c&rsquo;est facile, et l&rsquo;Abb\u00e9 c&rsquo;est parce que dans sa jeunesse il avait \u00e9t\u00e9\u00a0\u00ab\u00a0Abat\u00ab\u00a0, [&hellip;]","og_url":"https:\/\/fuveau.net\/index.php\/2023\/11\/19\/miu-labbe\/","og_site_name":"Petites et grandes Histoires de Fuveau","article_published_time":"2023-11-19T14:42:24+00:00","article_modified_time":"2023-11-28T15:38:55+00:00","og_image":[{"width":449,"height":689,"url":"https:\/\/fuveau.net\/wp-content\/uploads\/2023\/09\/Lacour_3870-1.jpg","type":"image\/jpeg"}],"author":"Jean-Fran\u00e7ois ROUBAUD","twitter_card":"summary_large_image","twitter_misc":{"\u00c9crit par":"Jean-Fran\u00e7ois ROUBAUD","Dur\u00e9e de lecture estim\u00e9e":"1 minute"},"schema":{"@context":"https:\/\/schema.org","@graph":[{"@type":"Article","@id":"https:\/\/fuveau.net\/index.php\/2023\/11\/19\/miu-labbe\/#article","isPartOf":{"@id":"https:\/\/fuveau.net\/index.php\/2023\/11\/19\/miu-labbe\/"},"author":{"name":"Jean-Fran\u00e7ois ROUBAUD","@id":"https:\/\/fuveau.net\/#\/schema\/person\/2334ed46226babe19f16b8c36a23e39d"},"headline":"Miu L&rsquo;abb\u00e8","datePublished":"2023-11-19T14:42:24+00:00","dateModified":"2023-11-28T15:38:55+00:00","mainEntityOfPage":{"@id":"https:\/\/fuveau.net\/index.php\/2023\/11\/19\/miu-labbe\/"},"wordCount":147,"publisher":{"@id":"https:\/\/fuveau.net\/#organization"},"image":{"@id":"https:\/\/fuveau.net\/index.php\/2023\/11\/19\/miu-labbe\/#primaryimage"},"thumbnailUrl":"https:\/\/fuveau.net\/wp-content\/uploads\/2023\/09\/Lacour_3870-1.jpg","articleSection":["Anecdotes"],"inLanguage":"fr-FR"},{"@type":"WebPage","@id":"https:\/\/fuveau.net\/index.php\/2023\/11\/19\/miu-labbe\/","url":"https:\/\/fuveau.net\/index.php\/2023\/11\/19\/miu-labbe\/","name":"Miu L'abb\u00e8 - Petites et grandes Histoires de Fuveau","isPartOf":{"@id":"https:\/\/fuveau.net\/#website"},"primaryImageOfPage":{"@id":"https:\/\/fuveau.net\/index.php\/2023\/11\/19\/miu-labbe\/#primaryimage"},"image":{"@id":"https:\/\/fuveau.net\/index.php\/2023\/11\/19\/miu-labbe\/#primaryimage"},"thumbnailUrl":"https:\/\/fuveau.net\/wp-content\/uploads\/2023\/09\/Lacour_3870-1.jpg","datePublished":"2023-11-19T14:42:24+00:00","dateModified":"2023-11-28T15:38:55+00:00","breadcrumb":{"@id":"https:\/\/fuveau.net\/index.php\/2023\/11\/19\/miu-labbe\/#breadcrumb"},"inLanguage":"fr-FR","potentialAction":[{"@type":"ReadAction","target":["https:\/\/fuveau.net\/index.php\/2023\/11\/19\/miu-labbe\/"]}]},{"@type":"ImageObject","inLanguage":"fr-FR","@id":"https:\/\/fuveau.net\/index.php\/2023\/11\/19\/miu-labbe\/#primaryimage","url":"https:\/\/fuveau.net\/wp-content\/uploads\/2023\/09\/Lacour_3870-1.jpg","contentUrl":"https:\/\/fuveau.net\/wp-content\/uploads\/2023\/09\/Lacour_3870-1.jpg","width":449,"height":689},{"@type":"BreadcrumbList","@id":"https:\/\/fuveau.net\/index.php\/2023\/11\/19\/miu-labbe\/#breadcrumb","itemListElement":[{"@type":"ListItem","position":1,"name":"Accueil","item":"https:\/\/fuveau.net\/"},{"@type":"ListItem","position":2,"name":"Miu L&#8217;abb\u00e8"}]},{"@type":"WebSite","@id":"https:\/\/fuveau.net\/#website","url":"https:\/\/fuveau.net\/","name":"Petites et grandes Histoires de Fuveau","description":"Site patrimonial de l&#039;histoire de Fuveau","publisher":{"@id":"https:\/\/fuveau.net\/#organization"},"potentialAction":[{"@type":"SearchAction","target":{"@type":"EntryPoint","urlTemplate":"https:\/\/fuveau.net\/?s={search_term_string}"},"query-input":{"@type":"PropertyValueSpecification","valueRequired":true,"valueName":"search_term_string"}}],"inLanguage":"fr-FR"},{"@type":"Organization","@id":"https:\/\/fuveau.net\/#organization","name":"Petites et grandes Histoires de Fuveau","url":"https:\/\/fuveau.net\/","logo":{"@type":"ImageObject","inLanguage":"fr-FR","@id":"https:\/\/fuveau.net\/#\/schema\/logo\/image\/","url":"https:\/\/fuveau.net\/wp-content\/uploads\/2023\/09\/logo-1.jpg","contentUrl":"https:\/\/fuveau.net\/wp-content\/uploads\/2023\/09\/logo-1.jpg","width":815,"height":415,"caption":"Petites et grandes Histoires de Fuveau"},"image":{"@id":"https:\/\/fuveau.net\/#\/schema\/logo\/image\/"}},{"@type":"Person","@id":"https:\/\/fuveau.net\/#\/schema\/person\/2334ed46226babe19f16b8c36a23e39d","name":"Jean-Fran\u00e7ois ROUBAUD","image":{"@type":"ImageObject","inLanguage":"fr-FR","@id":"https:\/\/secure.gravatar.com\/avatar\/7aefd90c55045efd1b1d8cf411892125747ae3aa6b0cfd7ad6e61ec5450f6987?s=96&d=mm&r=g","url":"https:\/\/secure.gravatar.com\/avatar\/7aefd90c55045efd1b1d8cf411892125747ae3aa6b0cfd7ad6e61ec5450f6987?s=96&d=mm&r=g","contentUrl":"https:\/\/secure.gravatar.com\/avatar\/7aefd90c55045efd1b1d8cf411892125747ae3aa6b0cfd7ad6e61ec5450f6987?s=96&d=mm&r=g","caption":"Jean-Fran\u00e7ois ROUBAUD"},"url":"https:\/\/fuveau.net\/index.php\/author\/jfber\/"}]}},"uagb_featured_image_src":{"full":["https:\/\/fuveau.net\/wp-content\/uploads\/2023\/09\/Lacour_3870-1.jpg",449,689,false],"thumbnail":["https:\/\/fuveau.net\/wp-content\/uploads\/2023\/09\/Lacour_3870-1-150x150.jpg",150,150,true],"medium":["https:\/\/fuveau.net\/wp-content\/uploads\/2023\/09\/Lacour_3870-1-196x300.jpg",196,300,true],"medium_large":["https:\/\/fuveau.net\/wp-content\/uploads\/2023\/09\/Lacour_3870-1.jpg",449,689,false],"large":["https:\/\/fuveau.net\/wp-content\/uploads\/2023\/09\/Lacour_3870-1.jpg",449,689,false],"1536x1536":["https:\/\/fuveau.net\/wp-content\/uploads\/2023\/09\/Lacour_3870-1.jpg",449,689,false],"2048x2048":["https:\/\/fuveau.net\/wp-content\/uploads\/2023\/09\/Lacour_3870-1.jpg",449,689,false],"post-image":["https:\/\/fuveau.net\/wp-content\/uploads\/2023\/09\/Lacour_3870-1.jpg",449,689,false]},"uagb_author_info":{"display_name":"Jean-Fran\u00e7ois ROUBAUD","author_link":"https:\/\/fuveau.net\/index.php\/author\/jfber\/"},"uagb_comment_info":0,"uagb_excerpt":"Parmi la quantit\u00e9 impressionnante de surnoms donn\u00e9s au village, il est quasiment impossible cent ans plus tard d&rsquo;en retrouver l&rsquo;origine. Pourquoi Marius D\u00e9pousier fut-il\u00a0 toujours connu sous le nom de Miu l&rsquo;Abb\u00e9 ? C&rsquo;est int\u00e9ressant ! Miu, parfois Meu, diminutif de Marius, c&rsquo;est facile, et l&rsquo;Abb\u00e9 c&rsquo;est parce que dans sa jeunesse il avait \u00e9t\u00e9\u00a0\u00ab\u00a0Abat\u00ab\u00a0,\u2026","_links":{"self":[{"href":"https:\/\/fuveau.net\/index.php\/wp-json\/wp\/v2\/posts\/3734","targetHints":{"allow":["GET"]}}],"collection":[{"href":"https:\/\/fuveau.net\/index.php\/wp-json\/wp\/v2\/posts"}],"about":[{"href":"https:\/\/fuveau.net\/index.php\/wp-json\/wp\/v2\/types\/post"}],"author":[{"embeddable":true,"href":"https:\/\/fuveau.net\/index.php\/wp-json\/wp\/v2\/users\/3"}],"replies":[{"embeddable":true,"href":"https:\/\/fuveau.net\/index.php\/wp-json\/wp\/v2\/comments?post=3734"}],"version-history":[{"count":3,"href":"https:\/\/fuveau.net\/index.php\/wp-json\/wp\/v2\/posts\/3734\/revisions"}],"predecessor-version":[{"id":4130,"href":"https:\/\/fuveau.net\/index.php\/wp-json\/wp\/v2\/posts\/3734\/revisions\/4130"}],"wp:featuredmedia":[{"embeddable":true,"href":"https:\/\/fuveau.net\/index.php\/wp-json\/wp\/v2\/media\/1545"}],"wp:attachment":[{"href":"https:\/\/fuveau.net\/index.php\/wp-json\/wp\/v2\/media?parent=3734"}],"wp:term":[{"taxonomy":"category","embeddable":true,"href":"https:\/\/fuveau.net\/index.php\/wp-json\/wp\/v2\/categories?post=3734"},{"taxonomy":"post_tag","embeddable":true,"href":"https:\/\/fuveau.net\/index.php\/wp-json\/wp\/v2\/tags?post=3734"}],"curies":[{"name":"wp","href":"https:\/\/api.w.org\/{rel}","templated":true}]}}