{"id":3715,"date":"2023-11-19T12:44:58","date_gmt":"2023-11-19T11:44:58","guid":{"rendered":"https:\/\/fuveau.net\/?p=3715"},"modified":"2023-11-28T15:21:17","modified_gmt":"2023-11-28T14:21:17","slug":"faire-carriere-au-village","status":"publish","type":"post","link":"https:\/\/fuveau.net\/index.php\/2023\/11\/19\/faire-carriere-au-village\/","title":{"rendered":"Faire carri\u00e8re au village"},"content":{"rendered":"<div class=\"wp-block-image\">\n<figure class=\"aligncenter size-full\"><img loading=\"lazy\" decoding=\"async\" width=\"300\" height=\"196\" src=\"https:\/\/fuveau.net\/wp-content\/uploads\/2023\/10\/prisedelaruerondet1-300x196-1.jpg\" alt=\"\" class=\"wp-image-3168\"\/><\/figure>\n<\/div>\n\n\n<p><strong>La vue (1902) ci-dessus prise du haut de la rue Rondet est particuli\u00e8rement int\u00e9ressante, elle montre la carri\u00e8re de la route de Ch\u00e2teauneuf ou de la Roque Martine encore en activit\u00e9. Celle qui est encore tr\u00e8s visible au bout de l&rsquo;avenue\u00a0Chanoine Moisan\u00a0\u00e9tait d\u00e9j\u00e0 ferm\u00e9e et celle de la Roucaoudo, \u00e0 l&rsquo; extr\u00eame droite\u00a0de la photo, n&rsquo;\u00e9tait pas encore ouverte. La plus belle des anciennes carri\u00e8res de la commune m\u00e9rite la promenade : c&rsquo;est celle de Jauffret le tailleur de pierres. On ne peut y acc\u00e9der autrement qu&rsquo;\u00e0 pied \u00e0 partir du hameau de la Grande Bastide. Il faut monter tout droit, laisser \u00e0 droite l&rsquo;ancienne bergerie dite bergerie d&rsquo;Armand, passer sous le petit pont de chemin de fer et continuer \u00e0 monter en face dans la colline toujours tout droit sur 100 m\u00e8tres en obliquant \u00e0 peine sur la gauche. L\u00e0, on trouve encore \u00ab\u00a0in situ\u00a0\u00bb de gros moellons smill\u00e9s que la mort du dernier exploitant a laiss\u00e9s sur place, l&rsquo;\u0153il de celui qui sait voir fait le reste pour la d\u00e9couverte de ce site rest\u00e9 relativement intact et qui m\u00e9riterait certainement un r\u00e9am\u00e9nagement. Noter aussi que l&rsquo;on aper\u00e7oit en plein centre de la photo, le\u00a0moulin des Bosques\u00a0maintenant quasi invisible dans la v\u00e9g\u00e9tation.<\/strong><\/p>\n","protected":false},"excerpt":{"rendered":"<p>La vue (1902) ci-dessus prise du haut de la rue Rondet est particuli\u00e8rement int\u00e9ressante, elle montre la carri\u00e8re de la route de Ch\u00e2teauneuf ou de la Roque Martine encore en activit\u00e9. Celle qui est encore tr\u00e8s visible au bout de l&rsquo;avenue\u00a0Chanoine Moisan\u00a0\u00e9tait d\u00e9j\u00e0 ferm\u00e9e et celle de la Roucaoudo, \u00e0 l&rsquo; extr\u00eame droite\u00a0de la photo, [&hellip;]<\/p>\n","protected":false},"author":3,"featured_media":0,"comment_status":"closed","ping_status":"closed","sticky":false,"template":"","format":"standard","meta":{"_uag_custom_page_level_css":"","iawp_total_views":12,"footnotes":""},"categories":[6],"tags":[],"class_list":["post-3715","post","type-post","status-publish","format-standard","hentry","category-anecdotes","post-preview"],"yoast_head":"<!-- This site is optimized with the Yoast SEO plugin v27.5 - https:\/\/yoast.com\/product\/yoast-seo-wordpress\/ -->\n<title>Faire carri\u00e8re au village - Petites et grandes Histoires de Fuveau<\/title>\n<meta name=\"robots\" content=\"index, follow, max-snippet:-1, max-image-preview:large, max-video-preview:-1\" \/>\n<link rel=\"canonical\" href=\"https:\/\/fuveau.net\/index.php\/2023\/11\/19\/faire-carriere-au-village\/\" \/>\n<meta property=\"og:locale\" content=\"fr_FR\" \/>\n<meta property=\"og:type\" content=\"article\" \/>\n<meta property=\"og:title\" content=\"Faire carri\u00e8re au village - Petites et grandes Histoires de Fuveau\" \/>\n<meta property=\"og:description\" content=\"La vue (1902) ci-dessus prise du haut de la rue Rondet est particuli\u00e8rement int\u00e9ressante, elle montre la carri\u00e8re de la route de Ch\u00e2teauneuf ou de la Roque Martine encore en activit\u00e9. Celle qui est encore tr\u00e8s visible au bout de l&rsquo;avenue\u00a0Chanoine Moisan\u00a0\u00e9tait d\u00e9j\u00e0 ferm\u00e9e et celle de la Roucaoudo, \u00e0 l&rsquo; extr\u00eame droite\u00a0de la photo, [&hellip;]\" \/>\n<meta property=\"og:url\" content=\"https:\/\/fuveau.net\/index.php\/2023\/11\/19\/faire-carriere-au-village\/\" \/>\n<meta property=\"og:site_name\" content=\"Petites et grandes Histoires de Fuveau\" \/>\n<meta property=\"article:published_time\" content=\"2023-11-19T11:44:58+00:00\" \/>\n<meta property=\"article:modified_time\" content=\"2023-11-28T14:21:17+00:00\" \/>\n<meta property=\"og:image\" content=\"https:\/\/fuveau.net\/wp-content\/uploads\/2023\/10\/prisedelaruerondet1-300x196-1.jpg\" \/>\n<meta name=\"author\" content=\"Jean-Fran\u00e7ois ROUBAUD\" \/>\n<meta name=\"twitter:card\" content=\"summary_large_image\" \/>\n<meta name=\"twitter:label1\" content=\"\u00c9crit par\" \/>\n\t<meta name=\"twitter:data1\" content=\"Jean-Fran\u00e7ois ROUBAUD\" \/>\n\t<meta name=\"twitter:label2\" content=\"Dur\u00e9e de lecture estim\u00e9e\" \/>\n\t<meta name=\"twitter:data2\" content=\"2 minutes\" \/>\n<script type=\"application\/ld+json\" class=\"yoast-schema-graph\">{\"@context\":\"https:\\\/\\\/schema.org\",\"@graph\":[{\"@type\":\"Article\",\"@id\":\"https:\\\/\\\/fuveau.net\\\/index.php\\\/2023\\\/11\\\/19\\\/faire-carriere-au-village\\\/#article\",\"isPartOf\":{\"@id\":\"https:\\\/\\\/fuveau.net\\\/index.php\\\/2023\\\/11\\\/19\\\/faire-carriere-au-village\\\/\"},\"author\":{\"name\":\"Jean-Fran\u00e7ois ROUBAUD\",\"@id\":\"https:\\\/\\\/fuveau.net\\\/#\\\/schema\\\/person\\\/2334ed46226babe19f16b8c36a23e39d\"},\"headline\":\"Faire carri\u00e8re au village\",\"datePublished\":\"2023-11-19T11:44:58+00:00\",\"dateModified\":\"2023-11-28T14:21:17+00:00\",\"mainEntityOfPage\":{\"@id\":\"https:\\\/\\\/fuveau.net\\\/index.php\\\/2023\\\/11\\\/19\\\/faire-carriere-au-village\\\/\"},\"wordCount\":233,\"publisher\":{\"@id\":\"https:\\\/\\\/fuveau.net\\\/#organization\"},\"image\":{\"@id\":\"https:\\\/\\\/fuveau.net\\\/index.php\\\/2023\\\/11\\\/19\\\/faire-carriere-au-village\\\/#primaryimage\"},\"thumbnailUrl\":\"https:\\\/\\\/fuveau.net\\\/wp-content\\\/uploads\\\/2023\\\/10\\\/prisedelaruerondet1-300x196-1.jpg\",\"articleSection\":[\"Anecdotes\"],\"inLanguage\":\"fr-FR\"},{\"@type\":\"WebPage\",\"@id\":\"https:\\\/\\\/fuveau.net\\\/index.php\\\/2023\\\/11\\\/19\\\/faire-carriere-au-village\\\/\",\"url\":\"https:\\\/\\\/fuveau.net\\\/index.php\\\/2023\\\/11\\\/19\\\/faire-carriere-au-village\\\/\",\"name\":\"Faire carri\u00e8re au village - Petites et grandes Histoires de Fuveau\",\"isPartOf\":{\"@id\":\"https:\\\/\\\/fuveau.net\\\/#website\"},\"primaryImageOfPage\":{\"@id\":\"https:\\\/\\\/fuveau.net\\\/index.php\\\/2023\\\/11\\\/19\\\/faire-carriere-au-village\\\/#primaryimage\"},\"image\":{\"@id\":\"https:\\\/\\\/fuveau.net\\\/index.php\\\/2023\\\/11\\\/19\\\/faire-carriere-au-village\\\/#primaryimage\"},\"thumbnailUrl\":\"https:\\\/\\\/fuveau.net\\\/wp-content\\\/uploads\\\/2023\\\/10\\\/prisedelaruerondet1-300x196-1.jpg\",\"datePublished\":\"2023-11-19T11:44:58+00:00\",\"dateModified\":\"2023-11-28T14:21:17+00:00\",\"breadcrumb\":{\"@id\":\"https:\\\/\\\/fuveau.net\\\/index.php\\\/2023\\\/11\\\/19\\\/faire-carriere-au-village\\\/#breadcrumb\"},\"inLanguage\":\"fr-FR\",\"potentialAction\":[{\"@type\":\"ReadAction\",\"target\":[\"https:\\\/\\\/fuveau.net\\\/index.php\\\/2023\\\/11\\\/19\\\/faire-carriere-au-village\\\/\"]}]},{\"@type\":\"ImageObject\",\"inLanguage\":\"fr-FR\",\"@id\":\"https:\\\/\\\/fuveau.net\\\/index.php\\\/2023\\\/11\\\/19\\\/faire-carriere-au-village\\\/#primaryimage\",\"url\":\"https:\\\/\\\/fuveau.net\\\/wp-content\\\/uploads\\\/2023\\\/10\\\/prisedelaruerondet1-300x196-1.jpg\",\"contentUrl\":\"https:\\\/\\\/fuveau.net\\\/wp-content\\\/uploads\\\/2023\\\/10\\\/prisedelaruerondet1-300x196-1.jpg\",\"width\":300,\"height\":196},{\"@type\":\"BreadcrumbList\",\"@id\":\"https:\\\/\\\/fuveau.net\\\/index.php\\\/2023\\\/11\\\/19\\\/faire-carriere-au-village\\\/#breadcrumb\",\"itemListElement\":[{\"@type\":\"ListItem\",\"position\":1,\"name\":\"Accueil\",\"item\":\"https:\\\/\\\/fuveau.net\\\/\"},{\"@type\":\"ListItem\",\"position\":2,\"name\":\"Faire carri\u00e8re au village\"}]},{\"@type\":\"WebSite\",\"@id\":\"https:\\\/\\\/fuveau.net\\\/#website\",\"url\":\"https:\\\/\\\/fuveau.net\\\/\",\"name\":\"Petites et grandes Histoires de Fuveau\",\"description\":\"Site patrimonial de l&#039;histoire de Fuveau\",\"publisher\":{\"@id\":\"https:\\\/\\\/fuveau.net\\\/#organization\"},\"potentialAction\":[{\"@type\":\"SearchAction\",\"target\":{\"@type\":\"EntryPoint\",\"urlTemplate\":\"https:\\\/\\\/fuveau.net\\\/?s={search_term_string}\"},\"query-input\":{\"@type\":\"PropertyValueSpecification\",\"valueRequired\":true,\"valueName\":\"search_term_string\"}}],\"inLanguage\":\"fr-FR\"},{\"@type\":\"Organization\",\"@id\":\"https:\\\/\\\/fuveau.net\\\/#organization\",\"name\":\"Petites et grandes Histoires de Fuveau\",\"url\":\"https:\\\/\\\/fuveau.net\\\/\",\"logo\":{\"@type\":\"ImageObject\",\"inLanguage\":\"fr-FR\",\"@id\":\"https:\\\/\\\/fuveau.net\\\/#\\\/schema\\\/logo\\\/image\\\/\",\"url\":\"https:\\\/\\\/fuveau.net\\\/wp-content\\\/uploads\\\/2023\\\/09\\\/logo-1.jpg\",\"contentUrl\":\"https:\\\/\\\/fuveau.net\\\/wp-content\\\/uploads\\\/2023\\\/09\\\/logo-1.jpg\",\"width\":815,\"height\":415,\"caption\":\"Petites et grandes Histoires de Fuveau\"},\"image\":{\"@id\":\"https:\\\/\\\/fuveau.net\\\/#\\\/schema\\\/logo\\\/image\\\/\"}},{\"@type\":\"Person\",\"@id\":\"https:\\\/\\\/fuveau.net\\\/#\\\/schema\\\/person\\\/2334ed46226babe19f16b8c36a23e39d\",\"name\":\"Jean-Fran\u00e7ois ROUBAUD\",\"image\":{\"@type\":\"ImageObject\",\"inLanguage\":\"fr-FR\",\"@id\":\"https:\\\/\\\/secure.gravatar.com\\\/avatar\\\/7aefd90c55045efd1b1d8cf411892125747ae3aa6b0cfd7ad6e61ec5450f6987?s=96&d=mm&r=g\",\"url\":\"https:\\\/\\\/secure.gravatar.com\\\/avatar\\\/7aefd90c55045efd1b1d8cf411892125747ae3aa6b0cfd7ad6e61ec5450f6987?s=96&d=mm&r=g\",\"contentUrl\":\"https:\\\/\\\/secure.gravatar.com\\\/avatar\\\/7aefd90c55045efd1b1d8cf411892125747ae3aa6b0cfd7ad6e61ec5450f6987?s=96&d=mm&r=g\",\"caption\":\"Jean-Fran\u00e7ois ROUBAUD\"},\"url\":\"https:\\\/\\\/fuveau.net\\\/index.php\\\/author\\\/jfber\\\/\"}]}<\/script>\n<!-- \/ Yoast SEO plugin. -->","yoast_head_json":{"title":"Faire carri\u00e8re au village - Petites et grandes Histoires de Fuveau","robots":{"index":"index","follow":"follow","max-snippet":"max-snippet:-1","max-image-preview":"max-image-preview:large","max-video-preview":"max-video-preview:-1"},"canonical":"https:\/\/fuveau.net\/index.php\/2023\/11\/19\/faire-carriere-au-village\/","og_locale":"fr_FR","og_type":"article","og_title":"Faire carri\u00e8re au village - Petites et grandes Histoires de Fuveau","og_description":"La vue (1902) ci-dessus prise du haut de la rue Rondet est particuli\u00e8rement int\u00e9ressante, elle montre la carri\u00e8re de la route de Ch\u00e2teauneuf ou de la Roque Martine encore en activit\u00e9. Celle qui est encore tr\u00e8s visible au bout de l&rsquo;avenue\u00a0Chanoine Moisan\u00a0\u00e9tait d\u00e9j\u00e0 ferm\u00e9e et celle de la Roucaoudo, \u00e0 l&rsquo; extr\u00eame droite\u00a0de la photo, [&hellip;]","og_url":"https:\/\/fuveau.net\/index.php\/2023\/11\/19\/faire-carriere-au-village\/","og_site_name":"Petites et grandes Histoires de Fuveau","article_published_time":"2023-11-19T11:44:58+00:00","article_modified_time":"2023-11-28T14:21:17+00:00","og_image":[{"url":"https:\/\/fuveau.net\/wp-content\/uploads\/2023\/10\/prisedelaruerondet1-300x196-1.jpg","type":"","width":"","height":""}],"author":"Jean-Fran\u00e7ois ROUBAUD","twitter_card":"summary_large_image","twitter_misc":{"\u00c9crit par":"Jean-Fran\u00e7ois ROUBAUD","Dur\u00e9e de lecture estim\u00e9e":"2 minutes"},"schema":{"@context":"https:\/\/schema.org","@graph":[{"@type":"Article","@id":"https:\/\/fuveau.net\/index.php\/2023\/11\/19\/faire-carriere-au-village\/#article","isPartOf":{"@id":"https:\/\/fuveau.net\/index.php\/2023\/11\/19\/faire-carriere-au-village\/"},"author":{"name":"Jean-Fran\u00e7ois ROUBAUD","@id":"https:\/\/fuveau.net\/#\/schema\/person\/2334ed46226babe19f16b8c36a23e39d"},"headline":"Faire carri\u00e8re au village","datePublished":"2023-11-19T11:44:58+00:00","dateModified":"2023-11-28T14:21:17+00:00","mainEntityOfPage":{"@id":"https:\/\/fuveau.net\/index.php\/2023\/11\/19\/faire-carriere-au-village\/"},"wordCount":233,"publisher":{"@id":"https:\/\/fuveau.net\/#organization"},"image":{"@id":"https:\/\/fuveau.net\/index.php\/2023\/11\/19\/faire-carriere-au-village\/#primaryimage"},"thumbnailUrl":"https:\/\/fuveau.net\/wp-content\/uploads\/2023\/10\/prisedelaruerondet1-300x196-1.jpg","articleSection":["Anecdotes"],"inLanguage":"fr-FR"},{"@type":"WebPage","@id":"https:\/\/fuveau.net\/index.php\/2023\/11\/19\/faire-carriere-au-village\/","url":"https:\/\/fuveau.net\/index.php\/2023\/11\/19\/faire-carriere-au-village\/","name":"Faire carri\u00e8re au village - Petites et grandes Histoires de Fuveau","isPartOf":{"@id":"https:\/\/fuveau.net\/#website"},"primaryImageOfPage":{"@id":"https:\/\/fuveau.net\/index.php\/2023\/11\/19\/faire-carriere-au-village\/#primaryimage"},"image":{"@id":"https:\/\/fuveau.net\/index.php\/2023\/11\/19\/faire-carriere-au-village\/#primaryimage"},"thumbnailUrl":"https:\/\/fuveau.net\/wp-content\/uploads\/2023\/10\/prisedelaruerondet1-300x196-1.jpg","datePublished":"2023-11-19T11:44:58+00:00","dateModified":"2023-11-28T14:21:17+00:00","breadcrumb":{"@id":"https:\/\/fuveau.net\/index.php\/2023\/11\/19\/faire-carriere-au-village\/#breadcrumb"},"inLanguage":"fr-FR","potentialAction":[{"@type":"ReadAction","target":["https:\/\/fuveau.net\/index.php\/2023\/11\/19\/faire-carriere-au-village\/"]}]},{"@type":"ImageObject","inLanguage":"fr-FR","@id":"https:\/\/fuveau.net\/index.php\/2023\/11\/19\/faire-carriere-au-village\/#primaryimage","url":"https:\/\/fuveau.net\/wp-content\/uploads\/2023\/10\/prisedelaruerondet1-300x196-1.jpg","contentUrl":"https:\/\/fuveau.net\/wp-content\/uploads\/2023\/10\/prisedelaruerondet1-300x196-1.jpg","width":300,"height":196},{"@type":"BreadcrumbList","@id":"https:\/\/fuveau.net\/index.php\/2023\/11\/19\/faire-carriere-au-village\/#breadcrumb","itemListElement":[{"@type":"ListItem","position":1,"name":"Accueil","item":"https:\/\/fuveau.net\/"},{"@type":"ListItem","position":2,"name":"Faire carri\u00e8re au village"}]},{"@type":"WebSite","@id":"https:\/\/fuveau.net\/#website","url":"https:\/\/fuveau.net\/","name":"Petites et grandes Histoires de Fuveau","description":"Site patrimonial de l&#039;histoire de Fuveau","publisher":{"@id":"https:\/\/fuveau.net\/#organization"},"potentialAction":[{"@type":"SearchAction","target":{"@type":"EntryPoint","urlTemplate":"https:\/\/fuveau.net\/?s={search_term_string}"},"query-input":{"@type":"PropertyValueSpecification","valueRequired":true,"valueName":"search_term_string"}}],"inLanguage":"fr-FR"},{"@type":"Organization","@id":"https:\/\/fuveau.net\/#organization","name":"Petites et grandes Histoires de Fuveau","url":"https:\/\/fuveau.net\/","logo":{"@type":"ImageObject","inLanguage":"fr-FR","@id":"https:\/\/fuveau.net\/#\/schema\/logo\/image\/","url":"https:\/\/fuveau.net\/wp-content\/uploads\/2023\/09\/logo-1.jpg","contentUrl":"https:\/\/fuveau.net\/wp-content\/uploads\/2023\/09\/logo-1.jpg","width":815,"height":415,"caption":"Petites et grandes Histoires de Fuveau"},"image":{"@id":"https:\/\/fuveau.net\/#\/schema\/logo\/image\/"}},{"@type":"Person","@id":"https:\/\/fuveau.net\/#\/schema\/person\/2334ed46226babe19f16b8c36a23e39d","name":"Jean-Fran\u00e7ois ROUBAUD","image":{"@type":"ImageObject","inLanguage":"fr-FR","@id":"https:\/\/secure.gravatar.com\/avatar\/7aefd90c55045efd1b1d8cf411892125747ae3aa6b0cfd7ad6e61ec5450f6987?s=96&d=mm&r=g","url":"https:\/\/secure.gravatar.com\/avatar\/7aefd90c55045efd1b1d8cf411892125747ae3aa6b0cfd7ad6e61ec5450f6987?s=96&d=mm&r=g","contentUrl":"https:\/\/secure.gravatar.com\/avatar\/7aefd90c55045efd1b1d8cf411892125747ae3aa6b0cfd7ad6e61ec5450f6987?s=96&d=mm&r=g","caption":"Jean-Fran\u00e7ois ROUBAUD"},"url":"https:\/\/fuveau.net\/index.php\/author\/jfber\/"}]}},"uagb_featured_image_src":{"full":false,"thumbnail":false,"medium":false,"medium_large":false,"large":false,"1536x1536":false,"2048x2048":false,"post-image":false},"uagb_author_info":{"display_name":"Jean-Fran\u00e7ois ROUBAUD","author_link":"https:\/\/fuveau.net\/index.php\/author\/jfber\/"},"uagb_comment_info":0,"uagb_excerpt":"La vue (1902) ci-dessus prise du haut de la rue Rondet est particuli\u00e8rement int\u00e9ressante, elle montre la carri\u00e8re de la route de Ch\u00e2teauneuf ou de la Roque Martine encore en activit\u00e9. Celle qui est encore tr\u00e8s visible au bout de l&rsquo;avenue\u00a0Chanoine Moisan\u00a0\u00e9tait d\u00e9j\u00e0 ferm\u00e9e et celle de la Roucaoudo, \u00e0 l&rsquo; extr\u00eame droite\u00a0de la photo,\u2026","_links":{"self":[{"href":"https:\/\/fuveau.net\/index.php\/wp-json\/wp\/v2\/posts\/3715","targetHints":{"allow":["GET"]}}],"collection":[{"href":"https:\/\/fuveau.net\/index.php\/wp-json\/wp\/v2\/posts"}],"about":[{"href":"https:\/\/fuveau.net\/index.php\/wp-json\/wp\/v2\/types\/post"}],"author":[{"embeddable":true,"href":"https:\/\/fuveau.net\/index.php\/wp-json\/wp\/v2\/users\/3"}],"replies":[{"embeddable":true,"href":"https:\/\/fuveau.net\/index.php\/wp-json\/wp\/v2\/comments?post=3715"}],"version-history":[{"count":2,"href":"https:\/\/fuveau.net\/index.php\/wp-json\/wp\/v2\/posts\/3715\/revisions"}],"predecessor-version":[{"id":4075,"href":"https:\/\/fuveau.net\/index.php\/wp-json\/wp\/v2\/posts\/3715\/revisions\/4075"}],"wp:attachment":[{"href":"https:\/\/fuveau.net\/index.php\/wp-json\/wp\/v2\/media?parent=3715"}],"wp:term":[{"taxonomy":"category","embeddable":true,"href":"https:\/\/fuveau.net\/index.php\/wp-json\/wp\/v2\/categories?post=3715"},{"taxonomy":"post_tag","embeddable":true,"href":"https:\/\/fuveau.net\/index.php\/wp-json\/wp\/v2\/tags?post=3715"}],"curies":[{"name":"wp","href":"https:\/\/api.w.org\/{rel}","templated":true}]}}