{"id":3662,"date":"2023-11-18T15:13:37","date_gmt":"2023-11-18T14:13:37","guid":{"rendered":"https:\/\/fuveau.net\/?p=3662"},"modified":"2023-11-30T12:26:54","modified_gmt":"2023-11-30T11:26:54","slug":"victor-dhupay","status":"publish","type":"post","link":"https:\/\/fuveau.net\/index.php\/2023\/11\/18\/victor-dhupay\/","title":{"rendered":"Victor d&rsquo;Hupay"},"content":{"rendered":"<div class=\"wp-block-image\">\n<figure class=\"aligncenter size-full\"><img loading=\"lazy\" decoding=\"async\" width=\"295\" height=\"372\" src=\"https:\/\/fuveau.net\/wp-content\/uploads\/2023\/11\/victor-dhupay.jpg\" alt=\"\" class=\"wp-image-3663\" srcset=\"https:\/\/fuveau.net\/wp-content\/uploads\/2023\/11\/victor-dhupay.jpg 295w, https:\/\/fuveau.net\/wp-content\/uploads\/2023\/11\/victor-dhupay-238x300.jpg 238w\" sizes=\"auto, (max-width: 295px) 100vw, 295px\" \/><\/figure>\n<\/div>\n\n\n<p>N\u00e9 \u00e0\u00a0La Tour-d&rsquo;Aigues\u00a0en\u00a01746\u00a0et mort \u00e0\u00a0Fuveau\u00a0le\u00a025 octobre 1818, est un\u00a0philosophe\u00a0et\u00a0\u00e9crivain\u00a0fran\u00e7ais. Sa pens\u00e9e fait de lui l&rsquo;un des anc\u00eatres du\u00a0socialisme\u00a0et du\u00a0communisme.<\/p>\n\n\n\n<h2 class=\"wp-block-heading\">Biographie <\/h2>\n\n\n\n<p>Issu d\u2019une famille bourgeoise du village, c\u2019est \u00e0 l\u2019\u00e9chelle du domaine familial qu\u2019Hupay commence, \u00e0 dix-sept ans, \u00e0 \u00e9crire ses premiers textes sur l\u2019\u00e9conomie rurale. Il est encore fort jeune mais envisage d\u00e9j\u00e0 de mettre un jour en communaut\u00e9 l\u2019ensemble de ses biens avec ceux de ses voisins. Comme le\u00a0marquis de Mirabeau, il suit le mouvement\u00a0physiocrate\u00a0qui pr\u00f4ne une \u00e9conomie fond\u00e9e sur l\u2019agriculture. Pour lui, c\u2019est la base de toutes les richesses et il entend bien faire prosp\u00e9rer les terres familiales.<\/p>\n\n\n\n<p>Il suit l\u2019exemple du baron de\u00a0La Tour-d\u2019Aigues, qui s\u2019int\u00e9resse \u00e0 la valorisation des terres et poss\u00e8de l\u2019une des plus grandes biblioth\u00e8ques de l\u2019\u00e9poque sur ce sujet. N\u00e9anmoins, Victor d\u2019Hupay remet en cause l\u2019\u00e9talage de richesses des Bruny, barons du lieu. Disciple de\u00a0Rousseau, il veut faire triompher une vie plus simple, un mod\u00e8le de vie champ\u00eatre, loin du tumulte des villes. Il lit les\u00a0philosophes des Lumi\u00e8res. Son but n\u2019est pas de les concurrencer, mais de mettre en action leurs id\u00e9es.<\/p>\n\n\n\n<p>En\u00a01770, il acquiert la\u00a0bastide de Puget\u00a0\u00e0 Fuveau et devient coseigneur du lieu. D\u00e8s lors, il passe son temps entre\u00a0Aix\u00a0et Fuveau en hiver et s\u2019installe \u00e0 la belle saison \u00e0 La Tour-d\u2019Aigues. Une fois sa bastide de Fuveau restaur\u00e9e, il publie en\u00a01777\u00a0son premier ouvrage,\u00a0<em>Projet de Communaut\u00e9 philosophe<\/em>. Il souhaite r\u00e9unir en sa nouvelle demeure un cercle d\u2019amis pour une vie en communaut\u00e9. En\u00a01785, il se d\u00e9finit lui-m\u00eame comme auteur communiste \u2014\u00a0mot existant depuis le XIIe si\u00e8cle pour d\u00e9signer certaines formes de mise en commun des biens\u00a0\u2014 dans le sens de partisan de la communaut\u00e9 des biens. Il contribue \u00e0 lui conf\u00e9rer son usage doctrinal actuel\u00a0:\u00a0Restif de La Bretonne, \u00e0 qui il a d\u00e9crit ses id\u00e9es dans une lettre, reprend en effet le terme\u00a0\u00ab\u00a0communiste\u00a0\u00bb, qu&rsquo;il cite dans ses propres \u00e9crits et rattache par la suite aux id\u00e9es de\u00a0Gracchus Babeuf.<\/p>\n\n\n\n<p>Pendant la\u00a0R\u00e9volution, Victor d\u2019Hupay s\u2019enthousiasme pour les id\u00e9es nouvelles. Il correspond avec Mirabeau.\u00a0Bernardin de Saint-Pierre\u00a0lui \u00e9crit\u00a0: \u00ab\u00a0Avec autant de z\u00e8le que vous en avez pour le bonheur des hommes, on fait t\u00f4t ou tard du bien.\u00a0\u00bb Il adresse plusieurs projets d\u2019\u00e9ducation nationale et de mod\u00e8les de gouvernement \u00e0 l\u2019Assembl\u00e9e nationale. Il milite \u00e9galement pour la suppression du mariage, qu\u2019il voit comme une forme de propri\u00e9t\u00e9 conjugale tyrannique. Pourtant, malgr\u00e9 son engagement, il est emprisonn\u00e9 sous la\u00a0Terreur\u00a0et sa maison de Fuveau est pill\u00e9e. Il se sent incompris. Il \u00e9crit encore un peu sous l\u2019Empire\u00a0et meurt \u00e0 Fuveau en 1818, \u00e0 l&rsquo;\u00e2ge de soixante-douze ans. Son \u0153uvre tombe ensuite totalement dans l\u2019oubli, m\u00eame si quelques historiens du\u00a0socialisme\u00a0le citent<\/p>\n\n\n\n<p>( Source Wikipedia)<\/p>\n\n\n\n<p>Pour en savoir plus, cliquez sur <a href=\"https:\/\/fuveau-demain.fr\/2023\/06\/22\/fuveau-meconnu-victor-dhupay\/?fbclid=IwAR2AYNiPx-zD_gb_FJsLSFif7jR12jCJiEh07mLZ99jylxcVZIrox8cCaG4\">ce lien <\/a><\/p>\n","protected":false},"excerpt":{"rendered":"<p>N\u00e9 \u00e0\u00a0La Tour-d&rsquo;Aigues\u00a0en\u00a01746\u00a0et mort \u00e0\u00a0Fuveau\u00a0le\u00a025 octobre 1818, est un\u00a0philosophe\u00a0et\u00a0\u00e9crivain\u00a0fran\u00e7ais. Sa pens\u00e9e fait de lui l&rsquo;un des anc\u00eatres du\u00a0socialisme\u00a0et du\u00a0communisme. Biographie Issu d\u2019une famille bourgeoise du village, c\u2019est \u00e0 l\u2019\u00e9chelle du domaine familial qu\u2019Hupay commence, \u00e0 dix-sept ans, \u00e0 \u00e9crire ses premiers textes sur l\u2019\u00e9conomie rurale. Il est encore fort jeune mais envisage d\u00e9j\u00e0 de mettre [&hellip;]<\/p>\n","protected":false},"author":2,"featured_media":3663,"comment_status":"closed","ping_status":"closed","sticky":false,"template":"","format":"standard","meta":{"_uag_custom_page_level_css":"","iawp_total_views":9,"footnotes":""},"categories":[20],"tags":[],"class_list":["post-3662","post","type-post","status-publish","format-standard","has-post-thumbnail","hentry","category-personnages","post-preview"],"yoast_head":"<!-- This site is optimized with the Yoast SEO plugin v27.5 - https:\/\/yoast.com\/product\/yoast-seo-wordpress\/ -->\n<title>Victor d&#039;Hupay - Petites et grandes Histoires de Fuveau<\/title>\n<meta name=\"robots\" content=\"index, follow, max-snippet:-1, max-image-preview:large, max-video-preview:-1\" \/>\n<link rel=\"canonical\" href=\"https:\/\/fuveau.net\/index.php\/2023\/11\/18\/victor-dhupay\/\" \/>\n<meta property=\"og:locale\" content=\"fr_FR\" \/>\n<meta property=\"og:type\" content=\"article\" \/>\n<meta property=\"og:title\" content=\"Victor d&#039;Hupay - Petites et grandes Histoires de Fuveau\" \/>\n<meta property=\"og:description\" content=\"N\u00e9 \u00e0\u00a0La Tour-d&rsquo;Aigues\u00a0en\u00a01746\u00a0et mort \u00e0\u00a0Fuveau\u00a0le\u00a025 octobre 1818, est un\u00a0philosophe\u00a0et\u00a0\u00e9crivain\u00a0fran\u00e7ais. Sa pens\u00e9e fait de lui l&rsquo;un des anc\u00eatres du\u00a0socialisme\u00a0et du\u00a0communisme. Biographie Issu d\u2019une famille bourgeoise du village, c\u2019est \u00e0 l\u2019\u00e9chelle du domaine familial qu\u2019Hupay commence, \u00e0 dix-sept ans, \u00e0 \u00e9crire ses premiers textes sur l\u2019\u00e9conomie rurale. Il est encore fort jeune mais envisage d\u00e9j\u00e0 de mettre [&hellip;]\" \/>\n<meta property=\"og:url\" content=\"https:\/\/fuveau.net\/index.php\/2023\/11\/18\/victor-dhupay\/\" \/>\n<meta property=\"og:site_name\" content=\"Petites et grandes Histoires de Fuveau\" \/>\n<meta property=\"article:published_time\" content=\"2023-11-18T14:13:37+00:00\" \/>\n<meta property=\"article:modified_time\" content=\"2023-11-30T11:26:54+00:00\" \/>\n<meta property=\"og:image\" content=\"https:\/\/fuveau.net\/wp-content\/uploads\/2023\/11\/victor-dhupay.jpg\" \/>\n\t<meta property=\"og:image:width\" content=\"295\" \/>\n\t<meta property=\"og:image:height\" content=\"372\" \/>\n\t<meta property=\"og:image:type\" content=\"image\/jpeg\" \/>\n<meta name=\"author\" content=\"Dominique CHAINE\" \/>\n<meta name=\"twitter:card\" content=\"summary_large_image\" \/>\n<meta name=\"twitter:label1\" content=\"\u00c9crit par\" \/>\n\t<meta name=\"twitter:data1\" content=\"Dominique CHAINE\" \/>\n\t<meta name=\"twitter:label2\" content=\"Dur\u00e9e de lecture estim\u00e9e\" \/>\n\t<meta name=\"twitter:data2\" content=\"3 minutes\" \/>\n<script type=\"application\/ld+json\" class=\"yoast-schema-graph\">{\"@context\":\"https:\\\/\\\/schema.org\",\"@graph\":[{\"@type\":\"Article\",\"@id\":\"https:\\\/\\\/fuveau.net\\\/index.php\\\/2023\\\/11\\\/18\\\/victor-dhupay\\\/#article\",\"isPartOf\":{\"@id\":\"https:\\\/\\\/fuveau.net\\\/index.php\\\/2023\\\/11\\\/18\\\/victor-dhupay\\\/\"},\"author\":{\"name\":\"Dominique CHAINE\",\"@id\":\"https:\\\/\\\/fuveau.net\\\/#\\\/schema\\\/person\\\/51657fd46fb1dc800391b65c668cb261\"},\"headline\":\"Victor d&rsquo;Hupay\",\"datePublished\":\"2023-11-18T14:13:37+00:00\",\"dateModified\":\"2023-11-30T11:26:54+00:00\",\"mainEntityOfPage\":{\"@id\":\"https:\\\/\\\/fuveau.net\\\/index.php\\\/2023\\\/11\\\/18\\\/victor-dhupay\\\/\"},\"wordCount\":529,\"publisher\":{\"@id\":\"https:\\\/\\\/fuveau.net\\\/#organization\"},\"image\":{\"@id\":\"https:\\\/\\\/fuveau.net\\\/index.php\\\/2023\\\/11\\\/18\\\/victor-dhupay\\\/#primaryimage\"},\"thumbnailUrl\":\"https:\\\/\\\/fuveau.net\\\/wp-content\\\/uploads\\\/2023\\\/11\\\/victor-dhupay.jpg\",\"articleSection\":[\"Personnages\"],\"inLanguage\":\"fr-FR\"},{\"@type\":\"WebPage\",\"@id\":\"https:\\\/\\\/fuveau.net\\\/index.php\\\/2023\\\/11\\\/18\\\/victor-dhupay\\\/\",\"url\":\"https:\\\/\\\/fuveau.net\\\/index.php\\\/2023\\\/11\\\/18\\\/victor-dhupay\\\/\",\"name\":\"Victor d'Hupay - Petites et grandes Histoires de Fuveau\",\"isPartOf\":{\"@id\":\"https:\\\/\\\/fuveau.net\\\/#website\"},\"primaryImageOfPage\":{\"@id\":\"https:\\\/\\\/fuveau.net\\\/index.php\\\/2023\\\/11\\\/18\\\/victor-dhupay\\\/#primaryimage\"},\"image\":{\"@id\":\"https:\\\/\\\/fuveau.net\\\/index.php\\\/2023\\\/11\\\/18\\\/victor-dhupay\\\/#primaryimage\"},\"thumbnailUrl\":\"https:\\\/\\\/fuveau.net\\\/wp-content\\\/uploads\\\/2023\\\/11\\\/victor-dhupay.jpg\",\"datePublished\":\"2023-11-18T14:13:37+00:00\",\"dateModified\":\"2023-11-30T11:26:54+00:00\",\"breadcrumb\":{\"@id\":\"https:\\\/\\\/fuveau.net\\\/index.php\\\/2023\\\/11\\\/18\\\/victor-dhupay\\\/#breadcrumb\"},\"inLanguage\":\"fr-FR\",\"potentialAction\":[{\"@type\":\"ReadAction\",\"target\":[\"https:\\\/\\\/fuveau.net\\\/index.php\\\/2023\\\/11\\\/18\\\/victor-dhupay\\\/\"]}]},{\"@type\":\"ImageObject\",\"inLanguage\":\"fr-FR\",\"@id\":\"https:\\\/\\\/fuveau.net\\\/index.php\\\/2023\\\/11\\\/18\\\/victor-dhupay\\\/#primaryimage\",\"url\":\"https:\\\/\\\/fuveau.net\\\/wp-content\\\/uploads\\\/2023\\\/11\\\/victor-dhupay.jpg\",\"contentUrl\":\"https:\\\/\\\/fuveau.net\\\/wp-content\\\/uploads\\\/2023\\\/11\\\/victor-dhupay.jpg\",\"width\":295,\"height\":372},{\"@type\":\"BreadcrumbList\",\"@id\":\"https:\\\/\\\/fuveau.net\\\/index.php\\\/2023\\\/11\\\/18\\\/victor-dhupay\\\/#breadcrumb\",\"itemListElement\":[{\"@type\":\"ListItem\",\"position\":1,\"name\":\"Accueil\",\"item\":\"https:\\\/\\\/fuveau.net\\\/\"},{\"@type\":\"ListItem\",\"position\":2,\"name\":\"Victor d&#8217;Hupay\"}]},{\"@type\":\"WebSite\",\"@id\":\"https:\\\/\\\/fuveau.net\\\/#website\",\"url\":\"https:\\\/\\\/fuveau.net\\\/\",\"name\":\"Petites et grandes Histoires de Fuveau\",\"description\":\"Site patrimonial de l&#039;histoire de Fuveau\",\"publisher\":{\"@id\":\"https:\\\/\\\/fuveau.net\\\/#organization\"},\"potentialAction\":[{\"@type\":\"SearchAction\",\"target\":{\"@type\":\"EntryPoint\",\"urlTemplate\":\"https:\\\/\\\/fuveau.net\\\/?s={search_term_string}\"},\"query-input\":{\"@type\":\"PropertyValueSpecification\",\"valueRequired\":true,\"valueName\":\"search_term_string\"}}],\"inLanguage\":\"fr-FR\"},{\"@type\":\"Organization\",\"@id\":\"https:\\\/\\\/fuveau.net\\\/#organization\",\"name\":\"Petites et grandes Histoires de Fuveau\",\"url\":\"https:\\\/\\\/fuveau.net\\\/\",\"logo\":{\"@type\":\"ImageObject\",\"inLanguage\":\"fr-FR\",\"@id\":\"https:\\\/\\\/fuveau.net\\\/#\\\/schema\\\/logo\\\/image\\\/\",\"url\":\"https:\\\/\\\/fuveau.net\\\/wp-content\\\/uploads\\\/2023\\\/09\\\/logo-1.jpg\",\"contentUrl\":\"https:\\\/\\\/fuveau.net\\\/wp-content\\\/uploads\\\/2023\\\/09\\\/logo-1.jpg\",\"width\":815,\"height\":415,\"caption\":\"Petites et grandes Histoires de Fuveau\"},\"image\":{\"@id\":\"https:\\\/\\\/fuveau.net\\\/#\\\/schema\\\/logo\\\/image\\\/\"}},{\"@type\":\"Person\",\"@id\":\"https:\\\/\\\/fuveau.net\\\/#\\\/schema\\\/person\\\/51657fd46fb1dc800391b65c668cb261\",\"name\":\"Dominique CHAINE\",\"image\":{\"@type\":\"ImageObject\",\"inLanguage\":\"fr-FR\",\"@id\":\"https:\\\/\\\/secure.gravatar.com\\\/avatar\\\/f02f6e9d0295023630f945d5c91a94421a3feeaa06743a316f63cc1aeb7cb53d?s=96&d=mm&r=g\",\"url\":\"https:\\\/\\\/secure.gravatar.com\\\/avatar\\\/f02f6e9d0295023630f945d5c91a94421a3feeaa06743a316f63cc1aeb7cb53d?s=96&d=mm&r=g\",\"contentUrl\":\"https:\\\/\\\/secure.gravatar.com\\\/avatar\\\/f02f6e9d0295023630f945d5c91a94421a3feeaa06743a316f63cc1aeb7cb53d?s=96&d=mm&r=g\",\"caption\":\"Dominique CHAINE\"},\"url\":\"https:\\\/\\\/fuveau.net\\\/index.php\\\/author\\\/d-chaine\\\/\"}]}<\/script>\n<!-- \/ Yoast SEO plugin. -->","yoast_head_json":{"title":"Victor d'Hupay - Petites et grandes Histoires de Fuveau","robots":{"index":"index","follow":"follow","max-snippet":"max-snippet:-1","max-image-preview":"max-image-preview:large","max-video-preview":"max-video-preview:-1"},"canonical":"https:\/\/fuveau.net\/index.php\/2023\/11\/18\/victor-dhupay\/","og_locale":"fr_FR","og_type":"article","og_title":"Victor d'Hupay - Petites et grandes Histoires de Fuveau","og_description":"N\u00e9 \u00e0\u00a0La Tour-d&rsquo;Aigues\u00a0en\u00a01746\u00a0et mort \u00e0\u00a0Fuveau\u00a0le\u00a025 octobre 1818, est un\u00a0philosophe\u00a0et\u00a0\u00e9crivain\u00a0fran\u00e7ais. Sa pens\u00e9e fait de lui l&rsquo;un des anc\u00eatres du\u00a0socialisme\u00a0et du\u00a0communisme. Biographie Issu d\u2019une famille bourgeoise du village, c\u2019est \u00e0 l\u2019\u00e9chelle du domaine familial qu\u2019Hupay commence, \u00e0 dix-sept ans, \u00e0 \u00e9crire ses premiers textes sur l\u2019\u00e9conomie rurale. Il est encore fort jeune mais envisage d\u00e9j\u00e0 de mettre [&hellip;]","og_url":"https:\/\/fuveau.net\/index.php\/2023\/11\/18\/victor-dhupay\/","og_site_name":"Petites et grandes Histoires de Fuveau","article_published_time":"2023-11-18T14:13:37+00:00","article_modified_time":"2023-11-30T11:26:54+00:00","og_image":[{"width":295,"height":372,"url":"https:\/\/fuveau.net\/wp-content\/uploads\/2023\/11\/victor-dhupay.jpg","type":"image\/jpeg"}],"author":"Dominique CHAINE","twitter_card":"summary_large_image","twitter_misc":{"\u00c9crit par":"Dominique CHAINE","Dur\u00e9e de lecture estim\u00e9e":"3 minutes"},"schema":{"@context":"https:\/\/schema.org","@graph":[{"@type":"Article","@id":"https:\/\/fuveau.net\/index.php\/2023\/11\/18\/victor-dhupay\/#article","isPartOf":{"@id":"https:\/\/fuveau.net\/index.php\/2023\/11\/18\/victor-dhupay\/"},"author":{"name":"Dominique CHAINE","@id":"https:\/\/fuveau.net\/#\/schema\/person\/51657fd46fb1dc800391b65c668cb261"},"headline":"Victor d&rsquo;Hupay","datePublished":"2023-11-18T14:13:37+00:00","dateModified":"2023-11-30T11:26:54+00:00","mainEntityOfPage":{"@id":"https:\/\/fuveau.net\/index.php\/2023\/11\/18\/victor-dhupay\/"},"wordCount":529,"publisher":{"@id":"https:\/\/fuveau.net\/#organization"},"image":{"@id":"https:\/\/fuveau.net\/index.php\/2023\/11\/18\/victor-dhupay\/#primaryimage"},"thumbnailUrl":"https:\/\/fuveau.net\/wp-content\/uploads\/2023\/11\/victor-dhupay.jpg","articleSection":["Personnages"],"inLanguage":"fr-FR"},{"@type":"WebPage","@id":"https:\/\/fuveau.net\/index.php\/2023\/11\/18\/victor-dhupay\/","url":"https:\/\/fuveau.net\/index.php\/2023\/11\/18\/victor-dhupay\/","name":"Victor d'Hupay - Petites et grandes Histoires de Fuveau","isPartOf":{"@id":"https:\/\/fuveau.net\/#website"},"primaryImageOfPage":{"@id":"https:\/\/fuveau.net\/index.php\/2023\/11\/18\/victor-dhupay\/#primaryimage"},"image":{"@id":"https:\/\/fuveau.net\/index.php\/2023\/11\/18\/victor-dhupay\/#primaryimage"},"thumbnailUrl":"https:\/\/fuveau.net\/wp-content\/uploads\/2023\/11\/victor-dhupay.jpg","datePublished":"2023-11-18T14:13:37+00:00","dateModified":"2023-11-30T11:26:54+00:00","breadcrumb":{"@id":"https:\/\/fuveau.net\/index.php\/2023\/11\/18\/victor-dhupay\/#breadcrumb"},"inLanguage":"fr-FR","potentialAction":[{"@type":"ReadAction","target":["https:\/\/fuveau.net\/index.php\/2023\/11\/18\/victor-dhupay\/"]}]},{"@type":"ImageObject","inLanguage":"fr-FR","@id":"https:\/\/fuveau.net\/index.php\/2023\/11\/18\/victor-dhupay\/#primaryimage","url":"https:\/\/fuveau.net\/wp-content\/uploads\/2023\/11\/victor-dhupay.jpg","contentUrl":"https:\/\/fuveau.net\/wp-content\/uploads\/2023\/11\/victor-dhupay.jpg","width":295,"height":372},{"@type":"BreadcrumbList","@id":"https:\/\/fuveau.net\/index.php\/2023\/11\/18\/victor-dhupay\/#breadcrumb","itemListElement":[{"@type":"ListItem","position":1,"name":"Accueil","item":"https:\/\/fuveau.net\/"},{"@type":"ListItem","position":2,"name":"Victor d&#8217;Hupay"}]},{"@type":"WebSite","@id":"https:\/\/fuveau.net\/#website","url":"https:\/\/fuveau.net\/","name":"Petites et grandes Histoires de Fuveau","description":"Site patrimonial de l&#039;histoire de Fuveau","publisher":{"@id":"https:\/\/fuveau.net\/#organization"},"potentialAction":[{"@type":"SearchAction","target":{"@type":"EntryPoint","urlTemplate":"https:\/\/fuveau.net\/?s={search_term_string}"},"query-input":{"@type":"PropertyValueSpecification","valueRequired":true,"valueName":"search_term_string"}}],"inLanguage":"fr-FR"},{"@type":"Organization","@id":"https:\/\/fuveau.net\/#organization","name":"Petites et grandes Histoires de Fuveau","url":"https:\/\/fuveau.net\/","logo":{"@type":"ImageObject","inLanguage":"fr-FR","@id":"https:\/\/fuveau.net\/#\/schema\/logo\/image\/","url":"https:\/\/fuveau.net\/wp-content\/uploads\/2023\/09\/logo-1.jpg","contentUrl":"https:\/\/fuveau.net\/wp-content\/uploads\/2023\/09\/logo-1.jpg","width":815,"height":415,"caption":"Petites et grandes Histoires de Fuveau"},"image":{"@id":"https:\/\/fuveau.net\/#\/schema\/logo\/image\/"}},{"@type":"Person","@id":"https:\/\/fuveau.net\/#\/schema\/person\/51657fd46fb1dc800391b65c668cb261","name":"Dominique CHAINE","image":{"@type":"ImageObject","inLanguage":"fr-FR","@id":"https:\/\/secure.gravatar.com\/avatar\/f02f6e9d0295023630f945d5c91a94421a3feeaa06743a316f63cc1aeb7cb53d?s=96&d=mm&r=g","url":"https:\/\/secure.gravatar.com\/avatar\/f02f6e9d0295023630f945d5c91a94421a3feeaa06743a316f63cc1aeb7cb53d?s=96&d=mm&r=g","contentUrl":"https:\/\/secure.gravatar.com\/avatar\/f02f6e9d0295023630f945d5c91a94421a3feeaa06743a316f63cc1aeb7cb53d?s=96&d=mm&r=g","caption":"Dominique CHAINE"},"url":"https:\/\/fuveau.net\/index.php\/author\/d-chaine\/"}]}},"uagb_featured_image_src":{"full":["https:\/\/fuveau.net\/wp-content\/uploads\/2023\/11\/victor-dhupay.jpg",295,372,false],"thumbnail":["https:\/\/fuveau.net\/wp-content\/uploads\/2023\/11\/victor-dhupay-150x150.jpg",150,150,true],"medium":["https:\/\/fuveau.net\/wp-content\/uploads\/2023\/11\/victor-dhupay-238x300.jpg",238,300,true],"medium_large":["https:\/\/fuveau.net\/wp-content\/uploads\/2023\/11\/victor-dhupay.jpg",295,372,false],"large":["https:\/\/fuveau.net\/wp-content\/uploads\/2023\/11\/victor-dhupay.jpg",295,372,false],"1536x1536":["https:\/\/fuveau.net\/wp-content\/uploads\/2023\/11\/victor-dhupay.jpg",295,372,false],"2048x2048":["https:\/\/fuveau.net\/wp-content\/uploads\/2023\/11\/victor-dhupay.jpg",295,372,false],"post-image":["https:\/\/fuveau.net\/wp-content\/uploads\/2023\/11\/victor-dhupay.jpg",295,372,false]},"uagb_author_info":{"display_name":"Dominique CHAINE","author_link":"https:\/\/fuveau.net\/index.php\/author\/d-chaine\/"},"uagb_comment_info":0,"uagb_excerpt":"N\u00e9 \u00e0\u00a0La Tour-d&rsquo;Aigues\u00a0en\u00a01746\u00a0et mort \u00e0\u00a0Fuveau\u00a0le\u00a025 octobre 1818, est un\u00a0philosophe\u00a0et\u00a0\u00e9crivain\u00a0fran\u00e7ais. Sa pens\u00e9e fait de lui l&rsquo;un des anc\u00eatres du\u00a0socialisme\u00a0et du\u00a0communisme. Biographie Issu d\u2019une famille bourgeoise du village, c\u2019est \u00e0 l\u2019\u00e9chelle du domaine familial qu\u2019Hupay commence, \u00e0 dix-sept ans, \u00e0 \u00e9crire ses premiers textes sur l\u2019\u00e9conomie rurale. Il est encore fort jeune mais envisage d\u00e9j\u00e0 de mettre\u2026","_links":{"self":[{"href":"https:\/\/fuveau.net\/index.php\/wp-json\/wp\/v2\/posts\/3662","targetHints":{"allow":["GET"]}}],"collection":[{"href":"https:\/\/fuveau.net\/index.php\/wp-json\/wp\/v2\/posts"}],"about":[{"href":"https:\/\/fuveau.net\/index.php\/wp-json\/wp\/v2\/types\/post"}],"author":[{"embeddable":true,"href":"https:\/\/fuveau.net\/index.php\/wp-json\/wp\/v2\/users\/2"}],"replies":[{"embeddable":true,"href":"https:\/\/fuveau.net\/index.php\/wp-json\/wp\/v2\/comments?post=3662"}],"version-history":[{"count":4,"href":"https:\/\/fuveau.net\/index.php\/wp-json\/wp\/v2\/posts\/3662\/revisions"}],"predecessor-version":[{"id":4179,"href":"https:\/\/fuveau.net\/index.php\/wp-json\/wp\/v2\/posts\/3662\/revisions\/4179"}],"wp:featuredmedia":[{"embeddable":true,"href":"https:\/\/fuveau.net\/index.php\/wp-json\/wp\/v2\/media\/3663"}],"wp:attachment":[{"href":"https:\/\/fuveau.net\/index.php\/wp-json\/wp\/v2\/media?parent=3662"}],"wp:term":[{"taxonomy":"category","embeddable":true,"href":"https:\/\/fuveau.net\/index.php\/wp-json\/wp\/v2\/categories?post=3662"},{"taxonomy":"post_tag","embeddable":true,"href":"https:\/\/fuveau.net\/index.php\/wp-json\/wp\/v2\/tags?post=3662"}],"curies":[{"name":"wp","href":"https:\/\/api.w.org\/{rel}","templated":true}]}}