{"id":3485,"date":"2023-11-13T17:26:16","date_gmt":"2023-11-13T16:26:16","guid":{"rendered":"https:\/\/fuveau.net\/?p=3485"},"modified":"2023-11-13T17:26:39","modified_gmt":"2023-11-13T16:26:39","slug":"fumerolles","status":"publish","type":"post","link":"https:\/\/fuveau.net\/index.php\/2023\/11\/13\/fumerolles\/","title":{"rendered":"Fumerolles"},"content":{"rendered":"\n<figure class=\"wp-block-image size-full\"><img loading=\"lazy\" decoding=\"async\" width=\"768\" height=\"463\" src=\"https:\/\/fuveau.net\/wp-content\/uploads\/2023\/11\/fumeroleR-1-768x463-1.jpg\" alt=\"\" class=\"wp-image-3486\" srcset=\"https:\/\/fuveau.net\/wp-content\/uploads\/2023\/11\/fumeroleR-1-768x463-1.jpg 768w, https:\/\/fuveau.net\/wp-content\/uploads\/2023\/11\/fumeroleR-1-768x463-1-300x181.jpg 300w, https:\/\/fuveau.net\/wp-content\/uploads\/2023\/11\/fumeroleR-1-768x463-1-676x408.jpg 676w\" sizes=\"auto, (max-width: 768px) 100vw, 768px\" \/><\/figure>\n\n\n\n<p><strong><strong>Aucun rapport avec un quelconque volcan ou geyser non plus qu&rsquo;avec la mine mais cette \u00e9mission de vapeur que peuvent apercevoir au milieu d&rsquo;un champ tous ceux qui vont de Ch\u00e2teauneuf \u00e0 Fuveau les matins d&rsquo;hiver a une histoire. Il s&rsquo;agit de l&rsquo;effondrement d&rsquo;un conduit qui menait l&rsquo;eau, le pr\u00e9cieux liquide du Grand Vallat\u00a0 jusqu&rsquo;aux champs situ\u00e9s plus \u00e0 l&rsquo;ouest de l&rsquo;autre cot\u00e9 de la butte. Ceux qui cultivaient la terre dans ce quartier auraient pu \u00eatre aliment\u00e9s par les eaux de la Grand&rsquo;Bastide mais les gens du lieu ne l&rsquo;entendaient pas ainsi.<\/strong><\/strong><\/p>\n\n\n<div class=\"wp-block-image\">\n<figure class=\"aligncenter size-full\"><img loading=\"lazy\" decoding=\"async\" width=\"467\" height=\"350\" src=\"https:\/\/fuveau.net\/wp-content\/uploads\/2023\/11\/fumeroleD-1.jpg\" alt=\"\" class=\"wp-image-3487\" srcset=\"https:\/\/fuveau.net\/wp-content\/uploads\/2023\/11\/fumeroleD-1.jpg 467w, https:\/\/fuveau.net\/wp-content\/uploads\/2023\/11\/fumeroleD-1-300x225.jpg 300w\" sizes=\"auto, (max-width: 467px) 100vw, 467px\" \/><\/figure>\n<\/div>\n\n\n<p><strong>Ci-dessous la copie int\u00e9grale d&rsquo;un message&nbsp; adress\u00e9 par Marcel Dellasta le 04 juillet 2004 qui \u00e9claire particuli\u00e8rement bien le sujet.<\/strong><\/p>\n\n\n\n<p><strong>Les Fumerolles<\/strong><\/p>\n\n\n\n<p><strong>&nbsp;Mon p\u00e8re \u00e9tait un mara\u00eecher. Avec&nbsp; nous, les quatre fr\u00e8res, en 1939 il quitta un mas que nous avions \u00e0 Saint-R\u00e9my-de- Provence pour venir travailler \u00e0 la mine et se rapprocher de sa famille mais pour un paysan qui a toujours v\u00e9cu au grand air, descendre au fond d\u2019une mine dans l\u2019obscurit\u00e9 ne lui convenait pas. Il cherchait une bastide, lorsqu\u2019il apprit qu\u2019il y avait celle des &nbsp;Monnier&nbsp; qui devaient partir pour la Saint-Michel en 1940. Cette bastide est situ\u00e9e dans les plans juste derri\u00e8re celle de Monsieur Faure dit&nbsp;Vincent Flo; Elle avait des terres \u00e0 l\u2019arrosage, trois hectares environ, espace suffisant pour un mara\u00eecher. Il n\u2019h\u00e9sita pas une seconde pour pouvoir reprendre son m\u00e9tier. En septembre 1940, nous \u00e9tions tous \u00e0 la bastide, pas tr\u00e8s loin de celle de ton grand-p\u00e8re L\u00e9opold Silvy, que j\u2019ai bien connu. Je le revois fondre une vielle luzerne juste derri\u00e8re notre bastide, avec 6 chevaux et une charrue allemande num\u00e9ro 16. Thomas Dutto, son fid\u00e8le ouvrier \u00e9tait tr\u00e8s jeune \u00e0 cette \u00e9poque. J\u2019ai vu aussi le premier tracteur avec les roues mont\u00e9es avec sur pneus que ton p\u00e8re avait achet\u00e9, c\u2019\u00e9tait une petite r\u00e9volution agricole. L\u2019eau venait du Grand Vallat, quartier de la Potasse, au lieu dit \u00ab&nbsp;la cascade&nbsp;\u00bb. Au coin de la bastide de la Potasse il y a une marteli\u00e8re,&nbsp;qui existe toujours, elle servait \u00e0 canaliser l\u2019eau vers la bastide mais il y avait bien des ann\u00e9es que personne ne s\u2019\u00e9tait servi de ce moyen d\u2019arrosage. A la cascade le niveau de l\u2019eau \u00e9tait trop bas pour quelle puisse entrer dans le tunnel. Mon p\u00e8re nous fit faire un petit barrage de la hauteur de deux agglom\u00e9r\u00e9s environ pour rehausser le niveau.<\/strong><\/p>\n\n\n\n<p><strong>Nous avions droit \u00e0 cette eau \u00e0 une condition : que la coop\u00e9rative vinicole ne s\u2019en serve pas. Mon p\u00e8re s\u2019\u00e9tait mis d\u2019accord avec le g\u00e9rant qui \u00e0 l\u2019\u00e9poque \u00e9tait&nbsp;&nbsp;Ren\u00e9 Booz. Il n\u2019y a jamais eu de probl\u00e8mes pour l\u2019avoir. A certains moments de l\u2019\u00e9t\u00e9, la coop\u00e9rative avait besoin de l\u2019eau presque tous les jours de la semaine, le soir vers les 5 heures un de nous allait ouvrir la marteli\u00e8re, l\u2019eau mettait environ 3 heures pour venir \u00e0 la bastide, nous arrosions souvent la nuit. Pour nous \u00e9clairer nous avions des lampes au carbure. Il y avait des p\u00e9riodes o\u00f9 nous arrosions dans la journ\u00e9e, a l\u2019origine cette eau devait servir aussi pour arroser les terres de la bastide de Faure et de Pontier mais comme c\u2019\u00e9tait nous qui les menions, il n\u2019y avait pas de probl\u00e8me de distribution.<\/strong><\/p>\n\n\n\n<p><strong>Parlons du tunnel. De la marteli\u00e8re au commencement du tunnel il y avait environ 30 m\u00e8tres, l\u2019eau \u00e9tait conduite par une canalisation en pierres, le tunnel commen\u00e7ait un peu avant la butte de la route, pour sortir \u00e0 environ \u00e0 100 m\u00e8tres de la bastide de Faure. A partir de la sortie du tunnel, l\u2019eau \u00e9tait conduite aussi par une canalisation jusqu\u2019au coin de la bastide de Faure, juste sous l\u2019aire de Pontier, nous arrosions de ce coin et toutes les terres en limite en des terres de ton grand-p\u00e8re au Nord de la bastide. Entre l\u2019entr\u00e9e du tunnel et la sortie, il y a deux grandes dalles de pierres pour une visite \u00e9ventuelle. La premi\u00e8re est presque au centre du champ du p\u00e8re &nbsp;C\u00e9rutti&nbsp;, enfouie sous la terre, je suis s\u00fbr que le p\u00e8re C\u00e9rutti ne savait pas qu\u2019il y avait une dalle sur cette parcelle qui \u00e0 l\u2019\u00e9poque \u00e9tait une vigne, encore moins qu\u2019il y passait un tunnel, ce champ est&nbsp; aujourd\u2019hui cultiv\u00e9 par &nbsp;Jean-Jacques Malet.&nbsp; La deuxi\u00e8me se trouve gu\u00e8re plus loin dans le m\u00eame alignement entre le pyl\u00f4ne haute tension et la rive du chemin de Tratra, quel nom&nbsp;! Elle a disparu sous une couche de terre&nbsp; mais en ce temps-l\u00e0 elle \u00e9tait visible. A l\u2019\u00e9poque les labours \u00e9taient superficiels, alors que de nos jours les grosses charrues descendent de plus en plus profond, c\u2019est pour cette raison que Jean-Jacques a accroch\u00e9 la dalle de visite. Juste \u00e0 ce moment l\u00e0, nous revenions avec ma femme de faire la provision d\u2019eau \u00e0 la Grand&rsquo;Bastide, j\u2019ai vu la dalle soulev\u00e9e, il y a comme une chemin\u00e9e carr\u00e9e en pierre, de 50 centim\u00e8tres de c\u00f4t\u00e9, le tunnel se trouvait \u00e0 environ 3 ou 4 m\u00e8tres de profondeur Lorsque nous avons pris possession de la bastide, la premi\u00e8re chose que mon p\u00e8re a faite, \u00e9tait de voir l\u2019\u00e9tat du tunnel, car il y avait bien longtemps qu\u2019il n\u2019avait pas servi, mes fr\u00e8res Marius et Paul l\u2019ont parcouru d\u2019un bout \u00e0 l\u2019autre muni de lampes \u00e0 carbure, il \u00e9tait en bon \u00e9tat, sauf un peu de limon \u00e0 quelques endroits qu\u2019il a suffi de niveler, c\u2019est l\u00e0 qu\u2019ils se sont aper\u00e7u des deux chemin\u00e9es au-dessus de leurs t\u00eates ferm\u00e9es par une grosse dalle de pierre.&nbsp;&nbsp;Pour mon compte personnel je ne suis jamais entr\u00e9 \u00e0 l\u2019int\u00e9rieur car mon p\u00e8re nous l\u2019avait formellement interdit, mais nous avons fait quelques m\u00e8tres en cachette avec mon fr\u00e8re No\u00ebl, d\u2019o\u00f9 nous sommes vite ressorti \u00e0 cause de la peur de l\u2019obscurit\u00e9. Il est fait en pierres, deux pieds droits et une vo\u00fbte, je ne crois pas qui \u00e0 \u00e9tait perc\u00e9 comme une galerie de mine vu la mince couche de terre qui aurait provoqu\u00e9 un \u00e9boulement, je crois \u00e0 une tranch\u00e9e recouverte une fois le tunnel termin\u00e9, mais \u00e0 quelle \u00e9poque,&nbsp;myst\u00e8re&nbsp;? Voil\u00e0&nbsp; les d\u00e9tails sur le tunnel d\u00e9couvert par la charrue de Jean-Jacques Malet, qui l\u2019hiver fait des fumerolles.<\/strong><\/p>\n\n\n\n<p><strong>Marcel&nbsp;&nbsp;Dellasta<\/strong><\/p>\n\n\n<div class=\"wp-block-image\">\n<figure class=\"aligncenter size-full\"><img loading=\"lazy\" decoding=\"async\" width=\"640\" height=\"480\" src=\"https:\/\/fuveau.net\/wp-content\/uploads\/2023\/11\/prise-d-eau-potasse.jpg\" alt=\"\" class=\"wp-image-3488\" srcset=\"https:\/\/fuveau.net\/wp-content\/uploads\/2023\/11\/prise-d-eau-potasse.jpg 640w, https:\/\/fuveau.net\/wp-content\/uploads\/2023\/11\/prise-d-eau-potasse-300x225.jpg 300w\" sizes=\"auto, (max-width: 640px) 100vw, 640px\" \/><\/figure>\n<\/div>\n\n\n<p class=\"has-text-align-center\"><strong>Et ci-dessus, l&rsquo;\u00e9tat actuel de la prise d&rsquo;eau qui alimentait ce quartier.<\/strong><\/p>\n","protected":false},"excerpt":{"rendered":"<p>Aucun rapport avec un quelconque volcan ou geyser non plus qu&rsquo;avec la mine mais cette \u00e9mission de vapeur que peuvent apercevoir au milieu d&rsquo;un champ tous ceux qui vont de Ch\u00e2teauneuf \u00e0 Fuveau les matins d&rsquo;hiver a une histoire. Il s&rsquo;agit de l&rsquo;effondrement d&rsquo;un conduit qui menait l&rsquo;eau, le pr\u00e9cieux liquide du Grand Vallat\u00a0 jusqu&rsquo;aux [&hellip;]<\/p>\n","protected":false},"author":3,"featured_media":3486,"comment_status":"closed","ping_status":"closed","sticky":false,"template":"","format":"standard","meta":{"_uag_custom_page_level_css":"","iawp_total_views":4,"footnotes":""},"categories":[13],"tags":[],"class_list":["post-3485","post","type-post","status-publish","format-standard","has-post-thumbnail","hentry","category-curiosites","post-preview"],"yoast_head":"<!-- This site is optimized with the Yoast SEO plugin v27.4 - https:\/\/yoast.com\/product\/yoast-seo-wordpress\/ -->\n<title>Fumerolles - Petites et grandes Histoires de Fuveau<\/title>\n<meta name=\"robots\" content=\"index, follow, max-snippet:-1, max-image-preview:large, max-video-preview:-1\" \/>\n<link rel=\"canonical\" href=\"https:\/\/fuveau.net\/index.php\/2023\/11\/13\/fumerolles\/\" \/>\n<meta property=\"og:locale\" content=\"fr_FR\" \/>\n<meta property=\"og:type\" content=\"article\" \/>\n<meta property=\"og:title\" content=\"Fumerolles - Petites et grandes Histoires de Fuveau\" \/>\n<meta property=\"og:description\" content=\"Aucun rapport avec un quelconque volcan ou geyser non plus qu&rsquo;avec la mine mais cette \u00e9mission de vapeur que peuvent apercevoir au milieu d&rsquo;un champ tous ceux qui vont de Ch\u00e2teauneuf \u00e0 Fuveau les matins d&rsquo;hiver a une histoire. Il s&rsquo;agit de l&rsquo;effondrement d&rsquo;un conduit qui menait l&rsquo;eau, le pr\u00e9cieux liquide du Grand Vallat\u00a0 jusqu&rsquo;aux [&hellip;]\" \/>\n<meta property=\"og:url\" content=\"https:\/\/fuveau.net\/index.php\/2023\/11\/13\/fumerolles\/\" \/>\n<meta property=\"og:site_name\" content=\"Petites et grandes Histoires de Fuveau\" \/>\n<meta property=\"article:published_time\" content=\"2023-11-13T16:26:16+00:00\" \/>\n<meta property=\"article:modified_time\" content=\"2023-11-13T16:26:39+00:00\" \/>\n<meta property=\"og:image\" content=\"https:\/\/fuveau.net\/wp-content\/uploads\/2023\/11\/fumeroleR-1-768x463-1.jpg\" \/>\n\t<meta property=\"og:image:width\" content=\"768\" \/>\n\t<meta property=\"og:image:height\" content=\"463\" \/>\n\t<meta property=\"og:image:type\" content=\"image\/jpeg\" \/>\n<meta name=\"author\" content=\"Jean-Fran\u00e7ois ROUBAUD\" \/>\n<meta name=\"twitter:card\" content=\"summary_large_image\" \/>\n<meta name=\"twitter:label1\" content=\"\u00c9crit par\" \/>\n\t<meta name=\"twitter:data1\" content=\"Jean-Fran\u00e7ois ROUBAUD\" \/>\n\t<meta name=\"twitter:label2\" content=\"Dur\u00e9e de lecture estim\u00e9e\" \/>\n\t<meta name=\"twitter:data2\" content=\"6 minutes\" \/>\n<script type=\"application\/ld+json\" class=\"yoast-schema-graph\">{\"@context\":\"https:\\\/\\\/schema.org\",\"@graph\":[{\"@type\":\"Article\",\"@id\":\"https:\\\/\\\/fuveau.net\\\/index.php\\\/2023\\\/11\\\/13\\\/fumerolles\\\/#article\",\"isPartOf\":{\"@id\":\"https:\\\/\\\/fuveau.net\\\/index.php\\\/2023\\\/11\\\/13\\\/fumerolles\\\/\"},\"author\":{\"name\":\"Jean-Fran\u00e7ois ROUBAUD\",\"@id\":\"https:\\\/\\\/fuveau.net\\\/#\\\/schema\\\/person\\\/2334ed46226babe19f16b8c36a23e39d\"},\"headline\":\"Fumerolles\",\"datePublished\":\"2023-11-13T16:26:16+00:00\",\"dateModified\":\"2023-11-13T16:26:39+00:00\",\"mainEntityOfPage\":{\"@id\":\"https:\\\/\\\/fuveau.net\\\/index.php\\\/2023\\\/11\\\/13\\\/fumerolles\\\/\"},\"wordCount\":1172,\"publisher\":{\"@id\":\"https:\\\/\\\/fuveau.net\\\/#organization\"},\"image\":{\"@id\":\"https:\\\/\\\/fuveau.net\\\/index.php\\\/2023\\\/11\\\/13\\\/fumerolles\\\/#primaryimage\"},\"thumbnailUrl\":\"https:\\\/\\\/fuveau.net\\\/wp-content\\\/uploads\\\/2023\\\/11\\\/fumeroleR-1-768x463-1.jpg\",\"articleSection\":[\"Curiosit\u00e9s\"],\"inLanguage\":\"fr-FR\"},{\"@type\":\"WebPage\",\"@id\":\"https:\\\/\\\/fuveau.net\\\/index.php\\\/2023\\\/11\\\/13\\\/fumerolles\\\/\",\"url\":\"https:\\\/\\\/fuveau.net\\\/index.php\\\/2023\\\/11\\\/13\\\/fumerolles\\\/\",\"name\":\"Fumerolles - Petites et grandes Histoires de Fuveau\",\"isPartOf\":{\"@id\":\"https:\\\/\\\/fuveau.net\\\/#website\"},\"primaryImageOfPage\":{\"@id\":\"https:\\\/\\\/fuveau.net\\\/index.php\\\/2023\\\/11\\\/13\\\/fumerolles\\\/#primaryimage\"},\"image\":{\"@id\":\"https:\\\/\\\/fuveau.net\\\/index.php\\\/2023\\\/11\\\/13\\\/fumerolles\\\/#primaryimage\"},\"thumbnailUrl\":\"https:\\\/\\\/fuveau.net\\\/wp-content\\\/uploads\\\/2023\\\/11\\\/fumeroleR-1-768x463-1.jpg\",\"datePublished\":\"2023-11-13T16:26:16+00:00\",\"dateModified\":\"2023-11-13T16:26:39+00:00\",\"breadcrumb\":{\"@id\":\"https:\\\/\\\/fuveau.net\\\/index.php\\\/2023\\\/11\\\/13\\\/fumerolles\\\/#breadcrumb\"},\"inLanguage\":\"fr-FR\",\"potentialAction\":[{\"@type\":\"ReadAction\",\"target\":[\"https:\\\/\\\/fuveau.net\\\/index.php\\\/2023\\\/11\\\/13\\\/fumerolles\\\/\"]}]},{\"@type\":\"ImageObject\",\"inLanguage\":\"fr-FR\",\"@id\":\"https:\\\/\\\/fuveau.net\\\/index.php\\\/2023\\\/11\\\/13\\\/fumerolles\\\/#primaryimage\",\"url\":\"https:\\\/\\\/fuveau.net\\\/wp-content\\\/uploads\\\/2023\\\/11\\\/fumeroleR-1-768x463-1.jpg\",\"contentUrl\":\"https:\\\/\\\/fuveau.net\\\/wp-content\\\/uploads\\\/2023\\\/11\\\/fumeroleR-1-768x463-1.jpg\",\"width\":768,\"height\":463},{\"@type\":\"BreadcrumbList\",\"@id\":\"https:\\\/\\\/fuveau.net\\\/index.php\\\/2023\\\/11\\\/13\\\/fumerolles\\\/#breadcrumb\",\"itemListElement\":[{\"@type\":\"ListItem\",\"position\":1,\"name\":\"Accueil\",\"item\":\"https:\\\/\\\/fuveau.net\\\/\"},{\"@type\":\"ListItem\",\"position\":2,\"name\":\"Fumerolles\"}]},{\"@type\":\"WebSite\",\"@id\":\"https:\\\/\\\/fuveau.net\\\/#website\",\"url\":\"https:\\\/\\\/fuveau.net\\\/\",\"name\":\"Petites et grandes Histoires de Fuveau\",\"description\":\"Site patrimonial de l&#039;histoire de Fuveau\",\"publisher\":{\"@id\":\"https:\\\/\\\/fuveau.net\\\/#organization\"},\"potentialAction\":[{\"@type\":\"SearchAction\",\"target\":{\"@type\":\"EntryPoint\",\"urlTemplate\":\"https:\\\/\\\/fuveau.net\\\/?s={search_term_string}\"},\"query-input\":{\"@type\":\"PropertyValueSpecification\",\"valueRequired\":true,\"valueName\":\"search_term_string\"}}],\"inLanguage\":\"fr-FR\"},{\"@type\":\"Organization\",\"@id\":\"https:\\\/\\\/fuveau.net\\\/#organization\",\"name\":\"Petites et grandes Histoires de Fuveau\",\"url\":\"https:\\\/\\\/fuveau.net\\\/\",\"logo\":{\"@type\":\"ImageObject\",\"inLanguage\":\"fr-FR\",\"@id\":\"https:\\\/\\\/fuveau.net\\\/#\\\/schema\\\/logo\\\/image\\\/\",\"url\":\"https:\\\/\\\/fuveau.net\\\/wp-content\\\/uploads\\\/2023\\\/09\\\/logo-1.jpg\",\"contentUrl\":\"https:\\\/\\\/fuveau.net\\\/wp-content\\\/uploads\\\/2023\\\/09\\\/logo-1.jpg\",\"width\":815,\"height\":415,\"caption\":\"Petites et grandes Histoires de Fuveau\"},\"image\":{\"@id\":\"https:\\\/\\\/fuveau.net\\\/#\\\/schema\\\/logo\\\/image\\\/\"}},{\"@type\":\"Person\",\"@id\":\"https:\\\/\\\/fuveau.net\\\/#\\\/schema\\\/person\\\/2334ed46226babe19f16b8c36a23e39d\",\"name\":\"Jean-Fran\u00e7ois ROUBAUD\",\"image\":{\"@type\":\"ImageObject\",\"inLanguage\":\"fr-FR\",\"@id\":\"https:\\\/\\\/secure.gravatar.com\\\/avatar\\\/7aefd90c55045efd1b1d8cf411892125747ae3aa6b0cfd7ad6e61ec5450f6987?s=96&d=mm&r=g\",\"url\":\"https:\\\/\\\/secure.gravatar.com\\\/avatar\\\/7aefd90c55045efd1b1d8cf411892125747ae3aa6b0cfd7ad6e61ec5450f6987?s=96&d=mm&r=g\",\"contentUrl\":\"https:\\\/\\\/secure.gravatar.com\\\/avatar\\\/7aefd90c55045efd1b1d8cf411892125747ae3aa6b0cfd7ad6e61ec5450f6987?s=96&d=mm&r=g\",\"caption\":\"Jean-Fran\u00e7ois ROUBAUD\"},\"url\":\"https:\\\/\\\/fuveau.net\\\/index.php\\\/author\\\/jfber\\\/\"}]}<\/script>\n<!-- \/ Yoast SEO plugin. -->","yoast_head_json":{"title":"Fumerolles - Petites et grandes Histoires de Fuveau","robots":{"index":"index","follow":"follow","max-snippet":"max-snippet:-1","max-image-preview":"max-image-preview:large","max-video-preview":"max-video-preview:-1"},"canonical":"https:\/\/fuveau.net\/index.php\/2023\/11\/13\/fumerolles\/","og_locale":"fr_FR","og_type":"article","og_title":"Fumerolles - Petites et grandes Histoires de Fuveau","og_description":"Aucun rapport avec un quelconque volcan ou geyser non plus qu&rsquo;avec la mine mais cette \u00e9mission de vapeur que peuvent apercevoir au milieu d&rsquo;un champ tous ceux qui vont de Ch\u00e2teauneuf \u00e0 Fuveau les matins d&rsquo;hiver a une histoire. Il s&rsquo;agit de l&rsquo;effondrement d&rsquo;un conduit qui menait l&rsquo;eau, le pr\u00e9cieux liquide du Grand Vallat\u00a0 jusqu&rsquo;aux [&hellip;]","og_url":"https:\/\/fuveau.net\/index.php\/2023\/11\/13\/fumerolles\/","og_site_name":"Petites et grandes Histoires de Fuveau","article_published_time":"2023-11-13T16:26:16+00:00","article_modified_time":"2023-11-13T16:26:39+00:00","og_image":[{"width":768,"height":463,"url":"https:\/\/fuveau.net\/wp-content\/uploads\/2023\/11\/fumeroleR-1-768x463-1.jpg","type":"image\/jpeg"}],"author":"Jean-Fran\u00e7ois ROUBAUD","twitter_card":"summary_large_image","twitter_misc":{"\u00c9crit par":"Jean-Fran\u00e7ois ROUBAUD","Dur\u00e9e de lecture estim\u00e9e":"6 minutes"},"schema":{"@context":"https:\/\/schema.org","@graph":[{"@type":"Article","@id":"https:\/\/fuveau.net\/index.php\/2023\/11\/13\/fumerolles\/#article","isPartOf":{"@id":"https:\/\/fuveau.net\/index.php\/2023\/11\/13\/fumerolles\/"},"author":{"name":"Jean-Fran\u00e7ois ROUBAUD","@id":"https:\/\/fuveau.net\/#\/schema\/person\/2334ed46226babe19f16b8c36a23e39d"},"headline":"Fumerolles","datePublished":"2023-11-13T16:26:16+00:00","dateModified":"2023-11-13T16:26:39+00:00","mainEntityOfPage":{"@id":"https:\/\/fuveau.net\/index.php\/2023\/11\/13\/fumerolles\/"},"wordCount":1172,"publisher":{"@id":"https:\/\/fuveau.net\/#organization"},"image":{"@id":"https:\/\/fuveau.net\/index.php\/2023\/11\/13\/fumerolles\/#primaryimage"},"thumbnailUrl":"https:\/\/fuveau.net\/wp-content\/uploads\/2023\/11\/fumeroleR-1-768x463-1.jpg","articleSection":["Curiosit\u00e9s"],"inLanguage":"fr-FR"},{"@type":"WebPage","@id":"https:\/\/fuveau.net\/index.php\/2023\/11\/13\/fumerolles\/","url":"https:\/\/fuveau.net\/index.php\/2023\/11\/13\/fumerolles\/","name":"Fumerolles - Petites et grandes Histoires de Fuveau","isPartOf":{"@id":"https:\/\/fuveau.net\/#website"},"primaryImageOfPage":{"@id":"https:\/\/fuveau.net\/index.php\/2023\/11\/13\/fumerolles\/#primaryimage"},"image":{"@id":"https:\/\/fuveau.net\/index.php\/2023\/11\/13\/fumerolles\/#primaryimage"},"thumbnailUrl":"https:\/\/fuveau.net\/wp-content\/uploads\/2023\/11\/fumeroleR-1-768x463-1.jpg","datePublished":"2023-11-13T16:26:16+00:00","dateModified":"2023-11-13T16:26:39+00:00","breadcrumb":{"@id":"https:\/\/fuveau.net\/index.php\/2023\/11\/13\/fumerolles\/#breadcrumb"},"inLanguage":"fr-FR","potentialAction":[{"@type":"ReadAction","target":["https:\/\/fuveau.net\/index.php\/2023\/11\/13\/fumerolles\/"]}]},{"@type":"ImageObject","inLanguage":"fr-FR","@id":"https:\/\/fuveau.net\/index.php\/2023\/11\/13\/fumerolles\/#primaryimage","url":"https:\/\/fuveau.net\/wp-content\/uploads\/2023\/11\/fumeroleR-1-768x463-1.jpg","contentUrl":"https:\/\/fuveau.net\/wp-content\/uploads\/2023\/11\/fumeroleR-1-768x463-1.jpg","width":768,"height":463},{"@type":"BreadcrumbList","@id":"https:\/\/fuveau.net\/index.php\/2023\/11\/13\/fumerolles\/#breadcrumb","itemListElement":[{"@type":"ListItem","position":1,"name":"Accueil","item":"https:\/\/fuveau.net\/"},{"@type":"ListItem","position":2,"name":"Fumerolles"}]},{"@type":"WebSite","@id":"https:\/\/fuveau.net\/#website","url":"https:\/\/fuveau.net\/","name":"Petites et grandes Histoires de Fuveau","description":"Site patrimonial de l&#039;histoire de Fuveau","publisher":{"@id":"https:\/\/fuveau.net\/#organization"},"potentialAction":[{"@type":"SearchAction","target":{"@type":"EntryPoint","urlTemplate":"https:\/\/fuveau.net\/?s={search_term_string}"},"query-input":{"@type":"PropertyValueSpecification","valueRequired":true,"valueName":"search_term_string"}}],"inLanguage":"fr-FR"},{"@type":"Organization","@id":"https:\/\/fuveau.net\/#organization","name":"Petites et grandes Histoires de Fuveau","url":"https:\/\/fuveau.net\/","logo":{"@type":"ImageObject","inLanguage":"fr-FR","@id":"https:\/\/fuveau.net\/#\/schema\/logo\/image\/","url":"https:\/\/fuveau.net\/wp-content\/uploads\/2023\/09\/logo-1.jpg","contentUrl":"https:\/\/fuveau.net\/wp-content\/uploads\/2023\/09\/logo-1.jpg","width":815,"height":415,"caption":"Petites et grandes Histoires de Fuveau"},"image":{"@id":"https:\/\/fuveau.net\/#\/schema\/logo\/image\/"}},{"@type":"Person","@id":"https:\/\/fuveau.net\/#\/schema\/person\/2334ed46226babe19f16b8c36a23e39d","name":"Jean-Fran\u00e7ois ROUBAUD","image":{"@type":"ImageObject","inLanguage":"fr-FR","@id":"https:\/\/secure.gravatar.com\/avatar\/7aefd90c55045efd1b1d8cf411892125747ae3aa6b0cfd7ad6e61ec5450f6987?s=96&d=mm&r=g","url":"https:\/\/secure.gravatar.com\/avatar\/7aefd90c55045efd1b1d8cf411892125747ae3aa6b0cfd7ad6e61ec5450f6987?s=96&d=mm&r=g","contentUrl":"https:\/\/secure.gravatar.com\/avatar\/7aefd90c55045efd1b1d8cf411892125747ae3aa6b0cfd7ad6e61ec5450f6987?s=96&d=mm&r=g","caption":"Jean-Fran\u00e7ois ROUBAUD"},"url":"https:\/\/fuveau.net\/index.php\/author\/jfber\/"}]}},"uagb_featured_image_src":{"full":["https:\/\/fuveau.net\/wp-content\/uploads\/2023\/11\/fumeroleR-1-768x463-1.jpg",768,463,false],"thumbnail":["https:\/\/fuveau.net\/wp-content\/uploads\/2023\/11\/fumeroleR-1-768x463-1-150x150.jpg",150,150,true],"medium":["https:\/\/fuveau.net\/wp-content\/uploads\/2023\/11\/fumeroleR-1-768x463-1-300x181.jpg",300,181,true],"medium_large":["https:\/\/fuveau.net\/wp-content\/uploads\/2023\/11\/fumeroleR-1-768x463-1.jpg",676,408,false],"large":["https:\/\/fuveau.net\/wp-content\/uploads\/2023\/11\/fumeroleR-1-768x463-1.jpg",676,408,false],"1536x1536":["https:\/\/fuveau.net\/wp-content\/uploads\/2023\/11\/fumeroleR-1-768x463-1.jpg",768,463,false],"2048x2048":["https:\/\/fuveau.net\/wp-content\/uploads\/2023\/11\/fumeroleR-1-768x463-1.jpg",768,463,false],"post-image":["https:\/\/fuveau.net\/wp-content\/uploads\/2023\/11\/fumeroleR-1-768x463-1-676x408.jpg",676,408,true]},"uagb_author_info":{"display_name":"Jean-Fran\u00e7ois ROUBAUD","author_link":"https:\/\/fuveau.net\/index.php\/author\/jfber\/"},"uagb_comment_info":0,"uagb_excerpt":"Aucun rapport avec un quelconque volcan ou geyser non plus qu&rsquo;avec la mine mais cette \u00e9mission de vapeur que peuvent apercevoir au milieu d&rsquo;un champ tous ceux qui vont de Ch\u00e2teauneuf \u00e0 Fuveau les matins d&rsquo;hiver a une histoire. Il s&rsquo;agit de l&rsquo;effondrement d&rsquo;un conduit qui menait l&rsquo;eau, le pr\u00e9cieux liquide du Grand Vallat\u00a0 jusqu&rsquo;aux\u2026","_links":{"self":[{"href":"https:\/\/fuveau.net\/index.php\/wp-json\/wp\/v2\/posts\/3485","targetHints":{"allow":["GET"]}}],"collection":[{"href":"https:\/\/fuveau.net\/index.php\/wp-json\/wp\/v2\/posts"}],"about":[{"href":"https:\/\/fuveau.net\/index.php\/wp-json\/wp\/v2\/types\/post"}],"author":[{"embeddable":true,"href":"https:\/\/fuveau.net\/index.php\/wp-json\/wp\/v2\/users\/3"}],"replies":[{"embeddable":true,"href":"https:\/\/fuveau.net\/index.php\/wp-json\/wp\/v2\/comments?post=3485"}],"version-history":[{"count":1,"href":"https:\/\/fuveau.net\/index.php\/wp-json\/wp\/v2\/posts\/3485\/revisions"}],"predecessor-version":[{"id":3489,"href":"https:\/\/fuveau.net\/index.php\/wp-json\/wp\/v2\/posts\/3485\/revisions\/3489"}],"wp:featuredmedia":[{"embeddable":true,"href":"https:\/\/fuveau.net\/index.php\/wp-json\/wp\/v2\/media\/3486"}],"wp:attachment":[{"href":"https:\/\/fuveau.net\/index.php\/wp-json\/wp\/v2\/media?parent=3485"}],"wp:term":[{"taxonomy":"category","embeddable":true,"href":"https:\/\/fuveau.net\/index.php\/wp-json\/wp\/v2\/categories?post=3485"},{"taxonomy":"post_tag","embeddable":true,"href":"https:\/\/fuveau.net\/index.php\/wp-json\/wp\/v2\/tags?post=3485"}],"curies":[{"name":"wp","href":"https:\/\/api.w.org\/{rel}","templated":true}]}}