{"id":3237,"date":"2023-10-27T18:12:46","date_gmt":"2023-10-27T16:12:46","guid":{"rendered":"https:\/\/fuveau.net\/?p=3237"},"modified":"2023-11-01T17:49:12","modified_gmt":"2023-11-01T16:49:12","slug":"port-mineralier-de-caronte-etat-actuel","status":"publish","type":"post","link":"https:\/\/fuveau.net\/index.php\/2023\/10\/27\/port-mineralier-de-caronte-etat-actuel\/","title":{"rendered":"Port min\u00e9ralier de Caronte \u00e9tat actuel"},"content":{"rendered":"\n<h2 class=\"wp-block-heading has-text-align-center\">VERMINCK<\/h2>\n\n\n\n<p>V<strong>oici quatre photos prises en ao\u00fbt 2011 qui montrent l&rsquo;\u00e9tat actuel de ce qui fut le port min\u00e9ralier de Caronte au temps o\u00f9 il \u00e9tait essentiellement occup\u00e9 par les entrepots et les quais de d\u00e9chargement des Etablissements Verminck.<\/strong><\/p>\n\n\n<div class=\"wp-block-image\">\n<figure class=\"aligncenter size-full\"><img loading=\"lazy\" decoding=\"async\" width=\"640\" height=\"480\" src=\"https:\/\/fuveau.net\/wp-content\/uploads\/2023\/10\/caronte1.jpg\" alt=\"\" class=\"wp-image-3238\" srcset=\"https:\/\/fuveau.net\/wp-content\/uploads\/2023\/10\/caronte1.jpg 640w, https:\/\/fuveau.net\/wp-content\/uploads\/2023\/10\/caronte1-300x225.jpg 300w\" sizes=\"auto, (max-width: 640px) 100vw, 640px\" \/><\/figure>\n<\/div>\n\n\n<figure class=\"wp-block-image size-full\"><img loading=\"lazy\" decoding=\"async\" width=\"640\" height=\"480\" src=\"https:\/\/fuveau.net\/wp-content\/uploads\/2023\/10\/caronte-2.jpg\" alt=\"\" class=\"wp-image-3239\" srcset=\"https:\/\/fuveau.net\/wp-content\/uploads\/2023\/10\/caronte-2.jpg 640w, https:\/\/fuveau.net\/wp-content\/uploads\/2023\/10\/caronte-2-300x225.jpg 300w\" sizes=\"auto, (max-width: 640px) 100vw, 640px\" \/><\/figure>\n\n\n\n<figure class=\"wp-block-image size-full\"><img loading=\"lazy\" decoding=\"async\" width=\"640\" height=\"480\" src=\"https:\/\/fuveau.net\/wp-content\/uploads\/2023\/10\/caronte-3.jpg\" alt=\"\" class=\"wp-image-3240\" srcset=\"https:\/\/fuveau.net\/wp-content\/uploads\/2023\/10\/caronte-3.jpg 640w, https:\/\/fuveau.net\/wp-content\/uploads\/2023\/10\/caronte-3-300x225.jpg 300w\" sizes=\"auto, (max-width: 640px) 100vw, 640px\" \/><\/figure>\n\n\n\n<figure class=\"wp-block-image size-full\"><img loading=\"lazy\" decoding=\"async\" width=\"640\" height=\"480\" src=\"https:\/\/fuveau.net\/wp-content\/uploads\/2023\/10\/caronte-4.jpg\" alt=\"\" class=\"wp-image-3241\" srcset=\"https:\/\/fuveau.net\/wp-content\/uploads\/2023\/10\/caronte-4.jpg 640w, https:\/\/fuveau.net\/wp-content\/uploads\/2023\/10\/caronte-4-300x225.jpg 300w\" sizes=\"auto, (max-width: 640px) 100vw, 640px\" \/><\/figure>\n\n\n\n<p><strong>Cette friche industrielle, c&rsquo;\u00e9tait les bureaux de Croix-Sainte, centre n\u00e9vralgique de l&rsquo;Entreprise ! Pour qui voudrait les retrouver, il faut suivre dans Martigues la direction Port Min\u00e9ralier de Caronte, actuellement c&rsquo;est un coin de p\u00eache tr\u00e8s pris\u00e9.<\/strong><\/p>\n","protected":false},"excerpt":{"rendered":"<p>VERMINCK Voici quatre photos prises en ao\u00fbt 2011 qui montrent l&rsquo;\u00e9tat actuel de ce qui fut le port min\u00e9ralier de Caronte au temps o\u00f9 il \u00e9tait essentiellement occup\u00e9 par les entrepots et les quais de d\u00e9chargement des Etablissements Verminck. Cette friche industrielle, c&rsquo;\u00e9tait les bureaux de Croix-Sainte, centre n\u00e9vralgique de l&rsquo;Entreprise ! Pour qui voudrait [&hellip;]<\/p>\n","protected":false},"author":3,"featured_media":0,"comment_status":"closed","ping_status":"closed","sticky":false,"template":"","format":"standard","meta":{"_uag_custom_page_level_css":"","iawp_total_views":9,"footnotes":""},"categories":[20],"tags":[],"class_list":["post-3237","post","type-post","status-publish","format-standard","hentry","category-personnages","post-preview"],"yoast_head":"<!-- This site is optimized with the Yoast SEO plugin v27.5 - https:\/\/yoast.com\/product\/yoast-seo-wordpress\/ -->\n<title>Port min\u00e9ralier de Caronte \u00e9tat actuel - Petites et grandes Histoires de Fuveau<\/title>\n<meta name=\"robots\" content=\"index, follow, max-snippet:-1, max-image-preview:large, max-video-preview:-1\" \/>\n<link rel=\"canonical\" href=\"https:\/\/fuveau.net\/index.php\/2023\/10\/27\/port-mineralier-de-caronte-etat-actuel\/\" \/>\n<meta property=\"og:locale\" content=\"fr_FR\" \/>\n<meta property=\"og:type\" content=\"article\" \/>\n<meta property=\"og:title\" content=\"Port min\u00e9ralier de Caronte \u00e9tat actuel - Petites et grandes Histoires de Fuveau\" \/>\n<meta property=\"og:description\" content=\"VERMINCK Voici quatre photos prises en ao\u00fbt 2011 qui montrent l&rsquo;\u00e9tat actuel de ce qui fut le port min\u00e9ralier de Caronte au temps o\u00f9 il \u00e9tait essentiellement occup\u00e9 par les entrepots et les quais de d\u00e9chargement des Etablissements Verminck. Cette friche industrielle, c&rsquo;\u00e9tait les bureaux de Croix-Sainte, centre n\u00e9vralgique de l&rsquo;Entreprise ! Pour qui voudrait [&hellip;]\" \/>\n<meta property=\"og:url\" content=\"https:\/\/fuveau.net\/index.php\/2023\/10\/27\/port-mineralier-de-caronte-etat-actuel\/\" \/>\n<meta property=\"og:site_name\" content=\"Petites et grandes Histoires de Fuveau\" \/>\n<meta property=\"article:published_time\" content=\"2023-10-27T16:12:46+00:00\" \/>\n<meta property=\"article:modified_time\" content=\"2023-11-01T16:49:12+00:00\" \/>\n<meta property=\"og:image\" content=\"https:\/\/fuveau.net\/wp-content\/uploads\/2023\/10\/caronte1.jpg\" \/>\n<meta name=\"author\" content=\"Jean-Fran\u00e7ois ROUBAUD\" \/>\n<meta name=\"twitter:card\" content=\"summary_large_image\" \/>\n<meta name=\"twitter:label1\" content=\"\u00c9crit par\" \/>\n\t<meta name=\"twitter:data1\" content=\"Jean-Fran\u00e7ois ROUBAUD\" \/>\n\t<meta name=\"twitter:label2\" content=\"Dur\u00e9e de lecture estim\u00e9e\" \/>\n\t<meta name=\"twitter:data2\" content=\"2 minutes\" \/>\n<script type=\"application\/ld+json\" class=\"yoast-schema-graph\">{\"@context\":\"https:\\\/\\\/schema.org\",\"@graph\":[{\"@type\":\"Article\",\"@id\":\"https:\\\/\\\/fuveau.net\\\/index.php\\\/2023\\\/10\\\/27\\\/port-mineralier-de-caronte-etat-actuel\\\/#article\",\"isPartOf\":{\"@id\":\"https:\\\/\\\/fuveau.net\\\/index.php\\\/2023\\\/10\\\/27\\\/port-mineralier-de-caronte-etat-actuel\\\/\"},\"author\":{\"name\":\"Jean-Fran\u00e7ois ROUBAUD\",\"@id\":\"https:\\\/\\\/fuveau.net\\\/#\\\/schema\\\/person\\\/2334ed46226babe19f16b8c36a23e39d\"},\"headline\":\"Port min\u00e9ralier de Caronte \u00e9tat actuel\",\"datePublished\":\"2023-10-27T16:12:46+00:00\",\"dateModified\":\"2023-11-01T16:49:12+00:00\",\"mainEntityOfPage\":{\"@id\":\"https:\\\/\\\/fuveau.net\\\/index.php\\\/2023\\\/10\\\/27\\\/port-mineralier-de-caronte-etat-actuel\\\/\"},\"wordCount\":92,\"publisher\":{\"@id\":\"https:\\\/\\\/fuveau.net\\\/#organization\"},\"image\":{\"@id\":\"https:\\\/\\\/fuveau.net\\\/index.php\\\/2023\\\/10\\\/27\\\/port-mineralier-de-caronte-etat-actuel\\\/#primaryimage\"},\"thumbnailUrl\":\"https:\\\/\\\/fuveau.net\\\/wp-content\\\/uploads\\\/2023\\\/10\\\/caronte1.jpg\",\"articleSection\":[\"Personnages\"],\"inLanguage\":\"fr-FR\"},{\"@type\":\"WebPage\",\"@id\":\"https:\\\/\\\/fuveau.net\\\/index.php\\\/2023\\\/10\\\/27\\\/port-mineralier-de-caronte-etat-actuel\\\/\",\"url\":\"https:\\\/\\\/fuveau.net\\\/index.php\\\/2023\\\/10\\\/27\\\/port-mineralier-de-caronte-etat-actuel\\\/\",\"name\":\"Port min\u00e9ralier de Caronte \u00e9tat actuel - Petites et grandes Histoires de Fuveau\",\"isPartOf\":{\"@id\":\"https:\\\/\\\/fuveau.net\\\/#website\"},\"primaryImageOfPage\":{\"@id\":\"https:\\\/\\\/fuveau.net\\\/index.php\\\/2023\\\/10\\\/27\\\/port-mineralier-de-caronte-etat-actuel\\\/#primaryimage\"},\"image\":{\"@id\":\"https:\\\/\\\/fuveau.net\\\/index.php\\\/2023\\\/10\\\/27\\\/port-mineralier-de-caronte-etat-actuel\\\/#primaryimage\"},\"thumbnailUrl\":\"https:\\\/\\\/fuveau.net\\\/wp-content\\\/uploads\\\/2023\\\/10\\\/caronte1.jpg\",\"datePublished\":\"2023-10-27T16:12:46+00:00\",\"dateModified\":\"2023-11-01T16:49:12+00:00\",\"breadcrumb\":{\"@id\":\"https:\\\/\\\/fuveau.net\\\/index.php\\\/2023\\\/10\\\/27\\\/port-mineralier-de-caronte-etat-actuel\\\/#breadcrumb\"},\"inLanguage\":\"fr-FR\",\"potentialAction\":[{\"@type\":\"ReadAction\",\"target\":[\"https:\\\/\\\/fuveau.net\\\/index.php\\\/2023\\\/10\\\/27\\\/port-mineralier-de-caronte-etat-actuel\\\/\"]}]},{\"@type\":\"ImageObject\",\"inLanguage\":\"fr-FR\",\"@id\":\"https:\\\/\\\/fuveau.net\\\/index.php\\\/2023\\\/10\\\/27\\\/port-mineralier-de-caronte-etat-actuel\\\/#primaryimage\",\"url\":\"https:\\\/\\\/fuveau.net\\\/wp-content\\\/uploads\\\/2023\\\/10\\\/caronte1.jpg\",\"contentUrl\":\"https:\\\/\\\/fuveau.net\\\/wp-content\\\/uploads\\\/2023\\\/10\\\/caronte1.jpg\",\"width\":640,\"height\":480},{\"@type\":\"BreadcrumbList\",\"@id\":\"https:\\\/\\\/fuveau.net\\\/index.php\\\/2023\\\/10\\\/27\\\/port-mineralier-de-caronte-etat-actuel\\\/#breadcrumb\",\"itemListElement\":[{\"@type\":\"ListItem\",\"position\":1,\"name\":\"Accueil\",\"item\":\"https:\\\/\\\/fuveau.net\\\/\"},{\"@type\":\"ListItem\",\"position\":2,\"name\":\"Port min\u00e9ralier de Caronte \u00e9tat actuel\"}]},{\"@type\":\"WebSite\",\"@id\":\"https:\\\/\\\/fuveau.net\\\/#website\",\"url\":\"https:\\\/\\\/fuveau.net\\\/\",\"name\":\"Petites et grandes Histoires de Fuveau\",\"description\":\"Site patrimonial de l&#039;histoire de Fuveau\",\"publisher\":{\"@id\":\"https:\\\/\\\/fuveau.net\\\/#organization\"},\"potentialAction\":[{\"@type\":\"SearchAction\",\"target\":{\"@type\":\"EntryPoint\",\"urlTemplate\":\"https:\\\/\\\/fuveau.net\\\/?s={search_term_string}\"},\"query-input\":{\"@type\":\"PropertyValueSpecification\",\"valueRequired\":true,\"valueName\":\"search_term_string\"}}],\"inLanguage\":\"fr-FR\"},{\"@type\":\"Organization\",\"@id\":\"https:\\\/\\\/fuveau.net\\\/#organization\",\"name\":\"Petites et grandes Histoires de Fuveau\",\"url\":\"https:\\\/\\\/fuveau.net\\\/\",\"logo\":{\"@type\":\"ImageObject\",\"inLanguage\":\"fr-FR\",\"@id\":\"https:\\\/\\\/fuveau.net\\\/#\\\/schema\\\/logo\\\/image\\\/\",\"url\":\"https:\\\/\\\/fuveau.net\\\/wp-content\\\/uploads\\\/2023\\\/09\\\/logo-1.jpg\",\"contentUrl\":\"https:\\\/\\\/fuveau.net\\\/wp-content\\\/uploads\\\/2023\\\/09\\\/logo-1.jpg\",\"width\":815,\"height\":415,\"caption\":\"Petites et grandes Histoires de Fuveau\"},\"image\":{\"@id\":\"https:\\\/\\\/fuveau.net\\\/#\\\/schema\\\/logo\\\/image\\\/\"}},{\"@type\":\"Person\",\"@id\":\"https:\\\/\\\/fuveau.net\\\/#\\\/schema\\\/person\\\/2334ed46226babe19f16b8c36a23e39d\",\"name\":\"Jean-Fran\u00e7ois ROUBAUD\",\"image\":{\"@type\":\"ImageObject\",\"inLanguage\":\"fr-FR\",\"@id\":\"https:\\\/\\\/secure.gravatar.com\\\/avatar\\\/7aefd90c55045efd1b1d8cf411892125747ae3aa6b0cfd7ad6e61ec5450f6987?s=96&d=mm&r=g\",\"url\":\"https:\\\/\\\/secure.gravatar.com\\\/avatar\\\/7aefd90c55045efd1b1d8cf411892125747ae3aa6b0cfd7ad6e61ec5450f6987?s=96&d=mm&r=g\",\"contentUrl\":\"https:\\\/\\\/secure.gravatar.com\\\/avatar\\\/7aefd90c55045efd1b1d8cf411892125747ae3aa6b0cfd7ad6e61ec5450f6987?s=96&d=mm&r=g\",\"caption\":\"Jean-Fran\u00e7ois ROUBAUD\"},\"url\":\"https:\\\/\\\/fuveau.net\\\/index.php\\\/author\\\/jfber\\\/\"}]}<\/script>\n<!-- \/ Yoast SEO plugin. -->","yoast_head_json":{"title":"Port min\u00e9ralier de Caronte \u00e9tat actuel - Petites et grandes Histoires de Fuveau","robots":{"index":"index","follow":"follow","max-snippet":"max-snippet:-1","max-image-preview":"max-image-preview:large","max-video-preview":"max-video-preview:-1"},"canonical":"https:\/\/fuveau.net\/index.php\/2023\/10\/27\/port-mineralier-de-caronte-etat-actuel\/","og_locale":"fr_FR","og_type":"article","og_title":"Port min\u00e9ralier de Caronte \u00e9tat actuel - Petites et grandes Histoires de Fuveau","og_description":"VERMINCK Voici quatre photos prises en ao\u00fbt 2011 qui montrent l&rsquo;\u00e9tat actuel de ce qui fut le port min\u00e9ralier de Caronte au temps o\u00f9 il \u00e9tait essentiellement occup\u00e9 par les entrepots et les quais de d\u00e9chargement des Etablissements Verminck. Cette friche industrielle, c&rsquo;\u00e9tait les bureaux de Croix-Sainte, centre n\u00e9vralgique de l&rsquo;Entreprise ! Pour qui voudrait [&hellip;]","og_url":"https:\/\/fuveau.net\/index.php\/2023\/10\/27\/port-mineralier-de-caronte-etat-actuel\/","og_site_name":"Petites et grandes Histoires de Fuveau","article_published_time":"2023-10-27T16:12:46+00:00","article_modified_time":"2023-11-01T16:49:12+00:00","og_image":[{"url":"https:\/\/fuveau.net\/wp-content\/uploads\/2023\/10\/caronte1.jpg","type":"","width":"","height":""}],"author":"Jean-Fran\u00e7ois ROUBAUD","twitter_card":"summary_large_image","twitter_misc":{"\u00c9crit par":"Jean-Fran\u00e7ois ROUBAUD","Dur\u00e9e de lecture estim\u00e9e":"2 minutes"},"schema":{"@context":"https:\/\/schema.org","@graph":[{"@type":"Article","@id":"https:\/\/fuveau.net\/index.php\/2023\/10\/27\/port-mineralier-de-caronte-etat-actuel\/#article","isPartOf":{"@id":"https:\/\/fuveau.net\/index.php\/2023\/10\/27\/port-mineralier-de-caronte-etat-actuel\/"},"author":{"name":"Jean-Fran\u00e7ois ROUBAUD","@id":"https:\/\/fuveau.net\/#\/schema\/person\/2334ed46226babe19f16b8c36a23e39d"},"headline":"Port min\u00e9ralier de Caronte \u00e9tat actuel","datePublished":"2023-10-27T16:12:46+00:00","dateModified":"2023-11-01T16:49:12+00:00","mainEntityOfPage":{"@id":"https:\/\/fuveau.net\/index.php\/2023\/10\/27\/port-mineralier-de-caronte-etat-actuel\/"},"wordCount":92,"publisher":{"@id":"https:\/\/fuveau.net\/#organization"},"image":{"@id":"https:\/\/fuveau.net\/index.php\/2023\/10\/27\/port-mineralier-de-caronte-etat-actuel\/#primaryimage"},"thumbnailUrl":"https:\/\/fuveau.net\/wp-content\/uploads\/2023\/10\/caronte1.jpg","articleSection":["Personnages"],"inLanguage":"fr-FR"},{"@type":"WebPage","@id":"https:\/\/fuveau.net\/index.php\/2023\/10\/27\/port-mineralier-de-caronte-etat-actuel\/","url":"https:\/\/fuveau.net\/index.php\/2023\/10\/27\/port-mineralier-de-caronte-etat-actuel\/","name":"Port min\u00e9ralier de Caronte \u00e9tat actuel - Petites et grandes Histoires de Fuveau","isPartOf":{"@id":"https:\/\/fuveau.net\/#website"},"primaryImageOfPage":{"@id":"https:\/\/fuveau.net\/index.php\/2023\/10\/27\/port-mineralier-de-caronte-etat-actuel\/#primaryimage"},"image":{"@id":"https:\/\/fuveau.net\/index.php\/2023\/10\/27\/port-mineralier-de-caronte-etat-actuel\/#primaryimage"},"thumbnailUrl":"https:\/\/fuveau.net\/wp-content\/uploads\/2023\/10\/caronte1.jpg","datePublished":"2023-10-27T16:12:46+00:00","dateModified":"2023-11-01T16:49:12+00:00","breadcrumb":{"@id":"https:\/\/fuveau.net\/index.php\/2023\/10\/27\/port-mineralier-de-caronte-etat-actuel\/#breadcrumb"},"inLanguage":"fr-FR","potentialAction":[{"@type":"ReadAction","target":["https:\/\/fuveau.net\/index.php\/2023\/10\/27\/port-mineralier-de-caronte-etat-actuel\/"]}]},{"@type":"ImageObject","inLanguage":"fr-FR","@id":"https:\/\/fuveau.net\/index.php\/2023\/10\/27\/port-mineralier-de-caronte-etat-actuel\/#primaryimage","url":"https:\/\/fuveau.net\/wp-content\/uploads\/2023\/10\/caronte1.jpg","contentUrl":"https:\/\/fuveau.net\/wp-content\/uploads\/2023\/10\/caronte1.jpg","width":640,"height":480},{"@type":"BreadcrumbList","@id":"https:\/\/fuveau.net\/index.php\/2023\/10\/27\/port-mineralier-de-caronte-etat-actuel\/#breadcrumb","itemListElement":[{"@type":"ListItem","position":1,"name":"Accueil","item":"https:\/\/fuveau.net\/"},{"@type":"ListItem","position":2,"name":"Port min\u00e9ralier de Caronte \u00e9tat actuel"}]},{"@type":"WebSite","@id":"https:\/\/fuveau.net\/#website","url":"https:\/\/fuveau.net\/","name":"Petites et grandes Histoires de Fuveau","description":"Site patrimonial de l&#039;histoire de Fuveau","publisher":{"@id":"https:\/\/fuveau.net\/#organization"},"potentialAction":[{"@type":"SearchAction","target":{"@type":"EntryPoint","urlTemplate":"https:\/\/fuveau.net\/?s={search_term_string}"},"query-input":{"@type":"PropertyValueSpecification","valueRequired":true,"valueName":"search_term_string"}}],"inLanguage":"fr-FR"},{"@type":"Organization","@id":"https:\/\/fuveau.net\/#organization","name":"Petites et grandes Histoires de Fuveau","url":"https:\/\/fuveau.net\/","logo":{"@type":"ImageObject","inLanguage":"fr-FR","@id":"https:\/\/fuveau.net\/#\/schema\/logo\/image\/","url":"https:\/\/fuveau.net\/wp-content\/uploads\/2023\/09\/logo-1.jpg","contentUrl":"https:\/\/fuveau.net\/wp-content\/uploads\/2023\/09\/logo-1.jpg","width":815,"height":415,"caption":"Petites et grandes Histoires de Fuveau"},"image":{"@id":"https:\/\/fuveau.net\/#\/schema\/logo\/image\/"}},{"@type":"Person","@id":"https:\/\/fuveau.net\/#\/schema\/person\/2334ed46226babe19f16b8c36a23e39d","name":"Jean-Fran\u00e7ois ROUBAUD","image":{"@type":"ImageObject","inLanguage":"fr-FR","@id":"https:\/\/secure.gravatar.com\/avatar\/7aefd90c55045efd1b1d8cf411892125747ae3aa6b0cfd7ad6e61ec5450f6987?s=96&d=mm&r=g","url":"https:\/\/secure.gravatar.com\/avatar\/7aefd90c55045efd1b1d8cf411892125747ae3aa6b0cfd7ad6e61ec5450f6987?s=96&d=mm&r=g","contentUrl":"https:\/\/secure.gravatar.com\/avatar\/7aefd90c55045efd1b1d8cf411892125747ae3aa6b0cfd7ad6e61ec5450f6987?s=96&d=mm&r=g","caption":"Jean-Fran\u00e7ois ROUBAUD"},"url":"https:\/\/fuveau.net\/index.php\/author\/jfber\/"}]}},"uagb_featured_image_src":{"full":false,"thumbnail":false,"medium":false,"medium_large":false,"large":false,"1536x1536":false,"2048x2048":false,"post-image":false},"uagb_author_info":{"display_name":"Jean-Fran\u00e7ois ROUBAUD","author_link":"https:\/\/fuveau.net\/index.php\/author\/jfber\/"},"uagb_comment_info":0,"uagb_excerpt":"VERMINCK Voici quatre photos prises en ao\u00fbt 2011 qui montrent l&rsquo;\u00e9tat actuel de ce qui fut le port min\u00e9ralier de Caronte au temps o\u00f9 il \u00e9tait essentiellement occup\u00e9 par les entrepots et les quais de d\u00e9chargement des Etablissements Verminck. Cette friche industrielle, c&rsquo;\u00e9tait les bureaux de Croix-Sainte, centre n\u00e9vralgique de l&rsquo;Entreprise ! Pour qui voudrait\u2026","_links":{"self":[{"href":"https:\/\/fuveau.net\/index.php\/wp-json\/wp\/v2\/posts\/3237","targetHints":{"allow":["GET"]}}],"collection":[{"href":"https:\/\/fuveau.net\/index.php\/wp-json\/wp\/v2\/posts"}],"about":[{"href":"https:\/\/fuveau.net\/index.php\/wp-json\/wp\/v2\/types\/post"}],"author":[{"embeddable":true,"href":"https:\/\/fuveau.net\/index.php\/wp-json\/wp\/v2\/users\/3"}],"replies":[{"embeddable":true,"href":"https:\/\/fuveau.net\/index.php\/wp-json\/wp\/v2\/comments?post=3237"}],"version-history":[{"count":1,"href":"https:\/\/fuveau.net\/index.php\/wp-json\/wp\/v2\/posts\/3237\/revisions"}],"predecessor-version":[{"id":3242,"href":"https:\/\/fuveau.net\/index.php\/wp-json\/wp\/v2\/posts\/3237\/revisions\/3242"}],"wp:attachment":[{"href":"https:\/\/fuveau.net\/index.php\/wp-json\/wp\/v2\/media?parent=3237"}],"wp:term":[{"taxonomy":"category","embeddable":true,"href":"https:\/\/fuveau.net\/index.php\/wp-json\/wp\/v2\/categories?post=3237"},{"taxonomy":"post_tag","embeddable":true,"href":"https:\/\/fuveau.net\/index.php\/wp-json\/wp\/v2\/tags?post=3237"}],"curies":[{"name":"wp","href":"https:\/\/api.w.org\/{rel}","templated":true}]}}