{"id":3200,"date":"2023-10-27T16:30:38","date_gmt":"2023-10-27T14:30:38","guid":{"rendered":"https:\/\/fuveau.net\/?p=3200"},"modified":"2023-11-01T17:49:14","modified_gmt":"2023-11-01T16:49:14","slug":"chemin-de-tratra","status":"publish","type":"post","link":"https:\/\/fuveau.net\/index.php\/2023\/10\/27\/chemin-de-tratra\/","title":{"rendered":"Chemin de Tratra"},"content":{"rendered":"<div class=\"wp-block-image\">\n<figure class=\"aligncenter size-full\"><img loading=\"lazy\" decoding=\"async\" width=\"651\" height=\"761\" src=\"https:\/\/fuveau.net\/wp-content\/uploads\/2023\/10\/chemin_tratra-1.jpg\" alt=\"\" class=\"wp-image-3201\" srcset=\"https:\/\/fuveau.net\/wp-content\/uploads\/2023\/10\/chemin_tratra-1.jpg 651w, https:\/\/fuveau.net\/wp-content\/uploads\/2023\/10\/chemin_tratra-1-257x300.jpg 257w\" sizes=\"auto, (max-width: 651px) 100vw, 651px\" \/><\/figure>\n<\/div>\n\n\n<p><strong>Au dix-neuvi\u00e8me si\u00e8cle, le dernier seigneur de la Grand&rsquo;Bastide, le sieur Menut de la Verdi\u00e8re, h\u00e9ritier par sa m\u00e8re n\u00e9e de Boutassy de la partie ouest du domaine de Ch\u00e2teau-l&rsquo;Arc qui s&rsquo;\u00e9tendait jusqu&rsquo;\u00e0 la Grand&rsquo;Bastide, a consid\u00e9rablement diminu\u00e9 son patrimoine en vendant de fertiles parcelles de terres agricoles. Sur l&rsquo;une d&rsquo;elles, un certain Joseph Policarpe Barth\u00e9l\u00e9my dit Tratra, peut-\u00eatre parce qu&rsquo;il faisait \u00ab\u00a0beaucoup d&#8217;embarras\u00a0\u00bb, construisit une petite ferme. Celle-ci est depuis longtemps devenue habitation mais le nom du lieu est rest\u00e9 et tout r\u00e9cemment, la propri\u00e9t\u00e9 Tratra \u00e0 donn\u00e9 son nom au chemin qui y conduit et qui dessert d&rsquo;autres habitations toutes relativement r\u00e9centes.<\/strong><\/p>\n\n\n<div class=\"wp-block-image\">\n<figure class=\"aligncenter size-full\"><img loading=\"lazy\" decoding=\"async\" width=\"637\" height=\"167\" src=\"https:\/\/fuveau.net\/wp-content\/uploads\/2023\/10\/tratra-2.jpg\" alt=\"\" class=\"wp-image-3202\" srcset=\"https:\/\/fuveau.net\/wp-content\/uploads\/2023\/10\/tratra-2.jpg 637w, https:\/\/fuveau.net\/wp-content\/uploads\/2023\/10\/tratra-2-300x79.jpg 300w\" sizes=\"auto, (max-width: 637px) 100vw, 637px\" \/><\/figure>\n<\/div>\n\n\n<p class=\"has-text-align-center\"><strong>Voici, tir\u00e9e de l&rsquo;\u00e9ph\u00e9m\u00e9ride d&rsquo;un parent de son \u00e9pouse une preuve de l&rsquo;existence dudit Tratra n\u00e9 le 26\/01\/1811 \u00e0 Fuveau et mari\u00e9 le 08\/10\/1836 \u00e0 Marie Virginie Barth\u00e9l\u00e9my dite Nini de Vive.\u00a0<\/strong><\/p>\n","protected":false},"excerpt":{"rendered":"<p>Au dix-neuvi\u00e8me si\u00e8cle, le dernier seigneur de la Grand&rsquo;Bastide, le sieur Menut de la Verdi\u00e8re, h\u00e9ritier par sa m\u00e8re n\u00e9e de Boutassy de la partie ouest du domaine de Ch\u00e2teau-l&rsquo;Arc qui s&rsquo;\u00e9tendait jusqu&rsquo;\u00e0 la Grand&rsquo;Bastide, a consid\u00e9rablement diminu\u00e9 son patrimoine en vendant de fertiles parcelles de terres agricoles. Sur l&rsquo;une d&rsquo;elles, un certain Joseph Policarpe [&hellip;]<\/p>\n","protected":false},"author":3,"featured_media":0,"comment_status":"closed","ping_status":"closed","sticky":false,"template":"","format":"standard","meta":{"_uag_custom_page_level_css":"","iawp_total_views":12,"footnotes":""},"categories":[7],"tags":[],"class_list":["post-3200","post","type-post","status-publish","format-standard","hentry","category-pourquoi-ma-rue","post-preview"],"yoast_head":"<!-- This site is optimized with the Yoast SEO plugin v27.4 - https:\/\/yoast.com\/product\/yoast-seo-wordpress\/ -->\n<title>Chemin de Tratra - Petites et grandes Histoires de Fuveau<\/title>\n<meta name=\"robots\" content=\"index, follow, max-snippet:-1, max-image-preview:large, max-video-preview:-1\" \/>\n<link rel=\"canonical\" href=\"https:\/\/fuveau.net\/index.php\/2023\/10\/27\/chemin-de-tratra\/\" \/>\n<meta property=\"og:locale\" content=\"fr_FR\" \/>\n<meta property=\"og:type\" content=\"article\" \/>\n<meta property=\"og:title\" content=\"Chemin de Tratra - Petites et grandes Histoires de Fuveau\" \/>\n<meta property=\"og:description\" content=\"Au dix-neuvi\u00e8me si\u00e8cle, le dernier seigneur de la Grand&rsquo;Bastide, le sieur Menut de la Verdi\u00e8re, h\u00e9ritier par sa m\u00e8re n\u00e9e de Boutassy de la partie ouest du domaine de Ch\u00e2teau-l&rsquo;Arc qui s&rsquo;\u00e9tendait jusqu&rsquo;\u00e0 la Grand&rsquo;Bastide, a consid\u00e9rablement diminu\u00e9 son patrimoine en vendant de fertiles parcelles de terres agricoles. Sur l&rsquo;une d&rsquo;elles, un certain Joseph Policarpe [&hellip;]\" \/>\n<meta property=\"og:url\" content=\"https:\/\/fuveau.net\/index.php\/2023\/10\/27\/chemin-de-tratra\/\" \/>\n<meta property=\"og:site_name\" content=\"Petites et grandes Histoires de Fuveau\" \/>\n<meta property=\"article:published_time\" content=\"2023-10-27T14:30:38+00:00\" \/>\n<meta property=\"article:modified_time\" content=\"2023-11-01T16:49:14+00:00\" \/>\n<meta property=\"og:image\" content=\"https:\/\/fuveau.net\/wp-content\/uploads\/2023\/10\/chemin_tratra-1.jpg\" \/>\n<meta name=\"author\" content=\"Jean-Fran\u00e7ois ROUBAUD\" \/>\n<meta name=\"twitter:card\" content=\"summary_large_image\" \/>\n<meta name=\"twitter:label1\" content=\"\u00c9crit par\" \/>\n\t<meta name=\"twitter:data1\" content=\"Jean-Fran\u00e7ois ROUBAUD\" \/>\n\t<meta name=\"twitter:label2\" content=\"Dur\u00e9e de lecture estim\u00e9e\" \/>\n\t<meta name=\"twitter:data2\" content=\"2 minutes\" \/>\n<script type=\"application\/ld+json\" class=\"yoast-schema-graph\">{\"@context\":\"https:\\\/\\\/schema.org\",\"@graph\":[{\"@type\":\"Article\",\"@id\":\"https:\\\/\\\/fuveau.net\\\/index.php\\\/2023\\\/10\\\/27\\\/chemin-de-tratra\\\/#article\",\"isPartOf\":{\"@id\":\"https:\\\/\\\/fuveau.net\\\/index.php\\\/2023\\\/10\\\/27\\\/chemin-de-tratra\\\/\"},\"author\":{\"name\":\"Jean-Fran\u00e7ois ROUBAUD\",\"@id\":\"https:\\\/\\\/fuveau.net\\\/#\\\/schema\\\/person\\\/2334ed46226babe19f16b8c36a23e39d\"},\"headline\":\"Chemin de Tratra\",\"datePublished\":\"2023-10-27T14:30:38+00:00\",\"dateModified\":\"2023-11-01T16:49:14+00:00\",\"mainEntityOfPage\":{\"@id\":\"https:\\\/\\\/fuveau.net\\\/index.php\\\/2023\\\/10\\\/27\\\/chemin-de-tratra\\\/\"},\"wordCount\":165,\"publisher\":{\"@id\":\"https:\\\/\\\/fuveau.net\\\/#organization\"},\"image\":{\"@id\":\"https:\\\/\\\/fuveau.net\\\/index.php\\\/2023\\\/10\\\/27\\\/chemin-de-tratra\\\/#primaryimage\"},\"thumbnailUrl\":\"https:\\\/\\\/fuveau.net\\\/wp-content\\\/uploads\\\/2023\\\/10\\\/chemin_tratra-1.jpg\",\"articleSection\":[\"Pourquoi ma rue\"],\"inLanguage\":\"fr-FR\"},{\"@type\":\"WebPage\",\"@id\":\"https:\\\/\\\/fuveau.net\\\/index.php\\\/2023\\\/10\\\/27\\\/chemin-de-tratra\\\/\",\"url\":\"https:\\\/\\\/fuveau.net\\\/index.php\\\/2023\\\/10\\\/27\\\/chemin-de-tratra\\\/\",\"name\":\"Chemin de Tratra - Petites et grandes Histoires de Fuveau\",\"isPartOf\":{\"@id\":\"https:\\\/\\\/fuveau.net\\\/#website\"},\"primaryImageOfPage\":{\"@id\":\"https:\\\/\\\/fuveau.net\\\/index.php\\\/2023\\\/10\\\/27\\\/chemin-de-tratra\\\/#primaryimage\"},\"image\":{\"@id\":\"https:\\\/\\\/fuveau.net\\\/index.php\\\/2023\\\/10\\\/27\\\/chemin-de-tratra\\\/#primaryimage\"},\"thumbnailUrl\":\"https:\\\/\\\/fuveau.net\\\/wp-content\\\/uploads\\\/2023\\\/10\\\/chemin_tratra-1.jpg\",\"datePublished\":\"2023-10-27T14:30:38+00:00\",\"dateModified\":\"2023-11-01T16:49:14+00:00\",\"breadcrumb\":{\"@id\":\"https:\\\/\\\/fuveau.net\\\/index.php\\\/2023\\\/10\\\/27\\\/chemin-de-tratra\\\/#breadcrumb\"},\"inLanguage\":\"fr-FR\",\"potentialAction\":[{\"@type\":\"ReadAction\",\"target\":[\"https:\\\/\\\/fuveau.net\\\/index.php\\\/2023\\\/10\\\/27\\\/chemin-de-tratra\\\/\"]}]},{\"@type\":\"ImageObject\",\"inLanguage\":\"fr-FR\",\"@id\":\"https:\\\/\\\/fuveau.net\\\/index.php\\\/2023\\\/10\\\/27\\\/chemin-de-tratra\\\/#primaryimage\",\"url\":\"https:\\\/\\\/fuveau.net\\\/wp-content\\\/uploads\\\/2023\\\/10\\\/chemin_tratra-1.jpg\",\"contentUrl\":\"https:\\\/\\\/fuveau.net\\\/wp-content\\\/uploads\\\/2023\\\/10\\\/chemin_tratra-1.jpg\",\"width\":651,\"height\":761},{\"@type\":\"BreadcrumbList\",\"@id\":\"https:\\\/\\\/fuveau.net\\\/index.php\\\/2023\\\/10\\\/27\\\/chemin-de-tratra\\\/#breadcrumb\",\"itemListElement\":[{\"@type\":\"ListItem\",\"position\":1,\"name\":\"Accueil\",\"item\":\"https:\\\/\\\/fuveau.net\\\/\"},{\"@type\":\"ListItem\",\"position\":2,\"name\":\"Chemin de Tratra\"}]},{\"@type\":\"WebSite\",\"@id\":\"https:\\\/\\\/fuveau.net\\\/#website\",\"url\":\"https:\\\/\\\/fuveau.net\\\/\",\"name\":\"Petites et grandes Histoires de Fuveau\",\"description\":\"Site patrimonial de l&#039;histoire de Fuveau\",\"publisher\":{\"@id\":\"https:\\\/\\\/fuveau.net\\\/#organization\"},\"potentialAction\":[{\"@type\":\"SearchAction\",\"target\":{\"@type\":\"EntryPoint\",\"urlTemplate\":\"https:\\\/\\\/fuveau.net\\\/?s={search_term_string}\"},\"query-input\":{\"@type\":\"PropertyValueSpecification\",\"valueRequired\":true,\"valueName\":\"search_term_string\"}}],\"inLanguage\":\"fr-FR\"},{\"@type\":\"Organization\",\"@id\":\"https:\\\/\\\/fuveau.net\\\/#organization\",\"name\":\"Petites et grandes Histoires de Fuveau\",\"url\":\"https:\\\/\\\/fuveau.net\\\/\",\"logo\":{\"@type\":\"ImageObject\",\"inLanguage\":\"fr-FR\",\"@id\":\"https:\\\/\\\/fuveau.net\\\/#\\\/schema\\\/logo\\\/image\\\/\",\"url\":\"https:\\\/\\\/fuveau.net\\\/wp-content\\\/uploads\\\/2023\\\/09\\\/logo-1.jpg\",\"contentUrl\":\"https:\\\/\\\/fuveau.net\\\/wp-content\\\/uploads\\\/2023\\\/09\\\/logo-1.jpg\",\"width\":815,\"height\":415,\"caption\":\"Petites et grandes Histoires de Fuveau\"},\"image\":{\"@id\":\"https:\\\/\\\/fuveau.net\\\/#\\\/schema\\\/logo\\\/image\\\/\"}},{\"@type\":\"Person\",\"@id\":\"https:\\\/\\\/fuveau.net\\\/#\\\/schema\\\/person\\\/2334ed46226babe19f16b8c36a23e39d\",\"name\":\"Jean-Fran\u00e7ois ROUBAUD\",\"image\":{\"@type\":\"ImageObject\",\"inLanguage\":\"fr-FR\",\"@id\":\"https:\\\/\\\/secure.gravatar.com\\\/avatar\\\/7aefd90c55045efd1b1d8cf411892125747ae3aa6b0cfd7ad6e61ec5450f6987?s=96&d=mm&r=g\",\"url\":\"https:\\\/\\\/secure.gravatar.com\\\/avatar\\\/7aefd90c55045efd1b1d8cf411892125747ae3aa6b0cfd7ad6e61ec5450f6987?s=96&d=mm&r=g\",\"contentUrl\":\"https:\\\/\\\/secure.gravatar.com\\\/avatar\\\/7aefd90c55045efd1b1d8cf411892125747ae3aa6b0cfd7ad6e61ec5450f6987?s=96&d=mm&r=g\",\"caption\":\"Jean-Fran\u00e7ois ROUBAUD\"},\"url\":\"https:\\\/\\\/fuveau.net\\\/index.php\\\/author\\\/jfber\\\/\"}]}<\/script>\n<!-- \/ Yoast SEO plugin. -->","yoast_head_json":{"title":"Chemin de Tratra - Petites et grandes Histoires de Fuveau","robots":{"index":"index","follow":"follow","max-snippet":"max-snippet:-1","max-image-preview":"max-image-preview:large","max-video-preview":"max-video-preview:-1"},"canonical":"https:\/\/fuveau.net\/index.php\/2023\/10\/27\/chemin-de-tratra\/","og_locale":"fr_FR","og_type":"article","og_title":"Chemin de Tratra - Petites et grandes Histoires de Fuveau","og_description":"Au dix-neuvi\u00e8me si\u00e8cle, le dernier seigneur de la Grand&rsquo;Bastide, le sieur Menut de la Verdi\u00e8re, h\u00e9ritier par sa m\u00e8re n\u00e9e de Boutassy de la partie ouest du domaine de Ch\u00e2teau-l&rsquo;Arc qui s&rsquo;\u00e9tendait jusqu&rsquo;\u00e0 la Grand&rsquo;Bastide, a consid\u00e9rablement diminu\u00e9 son patrimoine en vendant de fertiles parcelles de terres agricoles. Sur l&rsquo;une d&rsquo;elles, un certain Joseph Policarpe [&hellip;]","og_url":"https:\/\/fuveau.net\/index.php\/2023\/10\/27\/chemin-de-tratra\/","og_site_name":"Petites et grandes Histoires de Fuveau","article_published_time":"2023-10-27T14:30:38+00:00","article_modified_time":"2023-11-01T16:49:14+00:00","og_image":[{"url":"https:\/\/fuveau.net\/wp-content\/uploads\/2023\/10\/chemin_tratra-1.jpg","type":"","width":"","height":""}],"author":"Jean-Fran\u00e7ois ROUBAUD","twitter_card":"summary_large_image","twitter_misc":{"\u00c9crit par":"Jean-Fran\u00e7ois ROUBAUD","Dur\u00e9e de lecture estim\u00e9e":"2 minutes"},"schema":{"@context":"https:\/\/schema.org","@graph":[{"@type":"Article","@id":"https:\/\/fuveau.net\/index.php\/2023\/10\/27\/chemin-de-tratra\/#article","isPartOf":{"@id":"https:\/\/fuveau.net\/index.php\/2023\/10\/27\/chemin-de-tratra\/"},"author":{"name":"Jean-Fran\u00e7ois ROUBAUD","@id":"https:\/\/fuveau.net\/#\/schema\/person\/2334ed46226babe19f16b8c36a23e39d"},"headline":"Chemin de Tratra","datePublished":"2023-10-27T14:30:38+00:00","dateModified":"2023-11-01T16:49:14+00:00","mainEntityOfPage":{"@id":"https:\/\/fuveau.net\/index.php\/2023\/10\/27\/chemin-de-tratra\/"},"wordCount":165,"publisher":{"@id":"https:\/\/fuveau.net\/#organization"},"image":{"@id":"https:\/\/fuveau.net\/index.php\/2023\/10\/27\/chemin-de-tratra\/#primaryimage"},"thumbnailUrl":"https:\/\/fuveau.net\/wp-content\/uploads\/2023\/10\/chemin_tratra-1.jpg","articleSection":["Pourquoi ma rue"],"inLanguage":"fr-FR"},{"@type":"WebPage","@id":"https:\/\/fuveau.net\/index.php\/2023\/10\/27\/chemin-de-tratra\/","url":"https:\/\/fuveau.net\/index.php\/2023\/10\/27\/chemin-de-tratra\/","name":"Chemin de Tratra - Petites et grandes Histoires de Fuveau","isPartOf":{"@id":"https:\/\/fuveau.net\/#website"},"primaryImageOfPage":{"@id":"https:\/\/fuveau.net\/index.php\/2023\/10\/27\/chemin-de-tratra\/#primaryimage"},"image":{"@id":"https:\/\/fuveau.net\/index.php\/2023\/10\/27\/chemin-de-tratra\/#primaryimage"},"thumbnailUrl":"https:\/\/fuveau.net\/wp-content\/uploads\/2023\/10\/chemin_tratra-1.jpg","datePublished":"2023-10-27T14:30:38+00:00","dateModified":"2023-11-01T16:49:14+00:00","breadcrumb":{"@id":"https:\/\/fuveau.net\/index.php\/2023\/10\/27\/chemin-de-tratra\/#breadcrumb"},"inLanguage":"fr-FR","potentialAction":[{"@type":"ReadAction","target":["https:\/\/fuveau.net\/index.php\/2023\/10\/27\/chemin-de-tratra\/"]}]},{"@type":"ImageObject","inLanguage":"fr-FR","@id":"https:\/\/fuveau.net\/index.php\/2023\/10\/27\/chemin-de-tratra\/#primaryimage","url":"https:\/\/fuveau.net\/wp-content\/uploads\/2023\/10\/chemin_tratra-1.jpg","contentUrl":"https:\/\/fuveau.net\/wp-content\/uploads\/2023\/10\/chemin_tratra-1.jpg","width":651,"height":761},{"@type":"BreadcrumbList","@id":"https:\/\/fuveau.net\/index.php\/2023\/10\/27\/chemin-de-tratra\/#breadcrumb","itemListElement":[{"@type":"ListItem","position":1,"name":"Accueil","item":"https:\/\/fuveau.net\/"},{"@type":"ListItem","position":2,"name":"Chemin de Tratra"}]},{"@type":"WebSite","@id":"https:\/\/fuveau.net\/#website","url":"https:\/\/fuveau.net\/","name":"Petites et grandes Histoires de Fuveau","description":"Site patrimonial de l&#039;histoire de Fuveau","publisher":{"@id":"https:\/\/fuveau.net\/#organization"},"potentialAction":[{"@type":"SearchAction","target":{"@type":"EntryPoint","urlTemplate":"https:\/\/fuveau.net\/?s={search_term_string}"},"query-input":{"@type":"PropertyValueSpecification","valueRequired":true,"valueName":"search_term_string"}}],"inLanguage":"fr-FR"},{"@type":"Organization","@id":"https:\/\/fuveau.net\/#organization","name":"Petites et grandes Histoires de Fuveau","url":"https:\/\/fuveau.net\/","logo":{"@type":"ImageObject","inLanguage":"fr-FR","@id":"https:\/\/fuveau.net\/#\/schema\/logo\/image\/","url":"https:\/\/fuveau.net\/wp-content\/uploads\/2023\/09\/logo-1.jpg","contentUrl":"https:\/\/fuveau.net\/wp-content\/uploads\/2023\/09\/logo-1.jpg","width":815,"height":415,"caption":"Petites et grandes Histoires de Fuveau"},"image":{"@id":"https:\/\/fuveau.net\/#\/schema\/logo\/image\/"}},{"@type":"Person","@id":"https:\/\/fuveau.net\/#\/schema\/person\/2334ed46226babe19f16b8c36a23e39d","name":"Jean-Fran\u00e7ois ROUBAUD","image":{"@type":"ImageObject","inLanguage":"fr-FR","@id":"https:\/\/secure.gravatar.com\/avatar\/7aefd90c55045efd1b1d8cf411892125747ae3aa6b0cfd7ad6e61ec5450f6987?s=96&d=mm&r=g","url":"https:\/\/secure.gravatar.com\/avatar\/7aefd90c55045efd1b1d8cf411892125747ae3aa6b0cfd7ad6e61ec5450f6987?s=96&d=mm&r=g","contentUrl":"https:\/\/secure.gravatar.com\/avatar\/7aefd90c55045efd1b1d8cf411892125747ae3aa6b0cfd7ad6e61ec5450f6987?s=96&d=mm&r=g","caption":"Jean-Fran\u00e7ois ROUBAUD"},"url":"https:\/\/fuveau.net\/index.php\/author\/jfber\/"}]}},"uagb_featured_image_src":{"full":false,"thumbnail":false,"medium":false,"medium_large":false,"large":false,"1536x1536":false,"2048x2048":false,"post-image":false},"uagb_author_info":{"display_name":"Jean-Fran\u00e7ois ROUBAUD","author_link":"https:\/\/fuveau.net\/index.php\/author\/jfber\/"},"uagb_comment_info":0,"uagb_excerpt":"Au dix-neuvi\u00e8me si\u00e8cle, le dernier seigneur de la Grand&rsquo;Bastide, le sieur Menut de la Verdi\u00e8re, h\u00e9ritier par sa m\u00e8re n\u00e9e de Boutassy de la partie ouest du domaine de Ch\u00e2teau-l&rsquo;Arc qui s&rsquo;\u00e9tendait jusqu&rsquo;\u00e0 la Grand&rsquo;Bastide, a consid\u00e9rablement diminu\u00e9 son patrimoine en vendant de fertiles parcelles de terres agricoles. Sur l&rsquo;une d&rsquo;elles, un certain Joseph Policarpe\u2026","_links":{"self":[{"href":"https:\/\/fuveau.net\/index.php\/wp-json\/wp\/v2\/posts\/3200","targetHints":{"allow":["GET"]}}],"collection":[{"href":"https:\/\/fuveau.net\/index.php\/wp-json\/wp\/v2\/posts"}],"about":[{"href":"https:\/\/fuveau.net\/index.php\/wp-json\/wp\/v2\/types\/post"}],"author":[{"embeddable":true,"href":"https:\/\/fuveau.net\/index.php\/wp-json\/wp\/v2\/users\/3"}],"replies":[{"embeddable":true,"href":"https:\/\/fuveau.net\/index.php\/wp-json\/wp\/v2\/comments?post=3200"}],"version-history":[{"count":2,"href":"https:\/\/fuveau.net\/index.php\/wp-json\/wp\/v2\/posts\/3200\/revisions"}],"predecessor-version":[{"id":3204,"href":"https:\/\/fuveau.net\/index.php\/wp-json\/wp\/v2\/posts\/3200\/revisions\/3204"}],"wp:attachment":[{"href":"https:\/\/fuveau.net\/index.php\/wp-json\/wp\/v2\/media?parent=3200"}],"wp:term":[{"taxonomy":"category","embeddable":true,"href":"https:\/\/fuveau.net\/index.php\/wp-json\/wp\/v2\/categories?post=3200"},{"taxonomy":"post_tag","embeddable":true,"href":"https:\/\/fuveau.net\/index.php\/wp-json\/wp\/v2\/tags?post=3200"}],"curies":[{"name":"wp","href":"https:\/\/api.w.org\/{rel}","templated":true}]}}