{"id":3159,"date":"2023-10-27T15:38:46","date_gmt":"2023-10-27T13:38:46","guid":{"rendered":"https:\/\/fuveau.net\/?p=3159"},"modified":"2023-11-01T17:49:18","modified_gmt":"2023-11-01T16:49:18","slug":"les-rajolset-la-rimado","status":"publish","type":"post","link":"https:\/\/fuveau.net\/index.php\/2023\/10\/27\/les-rajolset-la-rimado\/","title":{"rendered":"Les Rajols et la Rimado"},"content":{"rendered":"\n<p><strong>&nbsp;Qui a connu ce qui \u00e9tait le plus grand quartier de la commune et qui le voit maintenant ? Un quartier de collines qui fut longtemps le paradis des chasseurs tant Fuvelains que Belcod\u00e9nois est maintenant, un entrelacs de chemins desservant des propri\u00e9t\u00e9s b\u00e2ties avec ou sans go\u00fbt et solidement cl\u00f4tur\u00e9es.<br>&nbsp;&nbsp; Le chemin des Rajols partait de la route de Belcod\u00e8ne (Le panneau indiquant le quartier des Rajols est toujours en place) et il rejoignait la route des Michels qu&rsquo;il traversait pour se prolonger jusqu&rsquo;aux Longs Cols.<br>&nbsp;&nbsp; La situation a chang\u00e9, Ah ! La Fontaine, \u00ab\u00a0Jean Lapin all\u00e9gua la coutume et l&rsquo;usage\u00a0\u00bb. Ah ! Jiget le b\u00e8gue et simple d&rsquo;esprit dans la pastorale Maurel \u00ab\u00a0Sabi l&rsquo;us\u00a0\u00bb, vous \u00eates un peu oubli\u00e9s. Les propri\u00e9taires riverains n&rsquo;\u00e9coutant que leur droit que l&rsquo;on ne saurait mettre en cause ont coup\u00e9 ce chemin pour le transformer en plusieurs impasses ce qui pourrait peut-\u00eatre un jour \u00eatre grave de cons\u00e9quences en cas d&rsquo;incendie. Curieusement la partie du chemin des Rajols partant en direction du nord \u00e0 partir de la route des Michels s&rsquo;appelle maintenant impasse de la Rimado, la trop bien nomm\u00e9e, car la rimado, en proven\u00e7al, c&rsquo;est \u00e0 la fois le brulage et les d\u00e9g\u00e2ts et restes cons\u00e9cutifs \u00e0 celui-ci&#8230;. sans parler du sens interdit install\u00e9&nbsp; d\u00e8s l&rsquo;entr\u00e9e de ce chemin, en son temps le plus long de la commune en dehors des drailles bien s\u00fbr.<br>&nbsp;&nbsp; Tr\u00eave de pol\u00e9mique inutile. Le but de la rubrique est d&rsquo;expliquer l&rsquo;\u00e9tymologie ou plut\u00f4t l&rsquo;origine du nom des Rajols. Les rajols, c&rsquo;est l&rsquo;endroit par lequel l&rsquo;eau coule (du proven\u00e7al \u00ab\u00a0raja\u00a0\u00bb, couler),&nbsp; ce qui nous laisse supposer que l&rsquo;on devait y trouver de nombreuses sources, ce qui n&rsquo;a rien de surprenant car on en trouvait pratiquement dans tous les quartiers de la commune. Cette appellation de Rajols se retrouve tr\u00e8s fr\u00e9quemment dans tout le grand sud de la France.<\/strong><\/p>\n","protected":false},"excerpt":{"rendered":"<p>&nbsp;Qui a connu ce qui \u00e9tait le plus grand quartier de la commune et qui le voit maintenant ? Un quartier de collines qui fut longtemps le paradis des chasseurs tant Fuvelains que Belcod\u00e9nois est maintenant, un entrelacs de chemins desservant des propri\u00e9t\u00e9s b\u00e2ties avec ou sans go\u00fbt et solidement cl\u00f4tur\u00e9es.&nbsp;&nbsp; Le chemin des Rajols [&hellip;]<\/p>\n","protected":false},"author":3,"featured_media":0,"comment_status":"closed","ping_status":"closed","sticky":false,"template":"","format":"standard","meta":{"_uag_custom_page_level_css":"","iawp_total_views":8,"footnotes":""},"categories":[23],"tags":[],"class_list":["post-3159","post","type-post","status-publish","format-standard","hentry","category-quartiers","post-preview"],"yoast_head":"<!-- This site is optimized with the Yoast SEO plugin v27.5 - https:\/\/yoast.com\/product\/yoast-seo-wordpress\/ -->\n<title>Les Rajols et la Rimado - Petites et grandes Histoires de Fuveau<\/title>\n<meta name=\"robots\" content=\"index, follow, max-snippet:-1, max-image-preview:large, max-video-preview:-1\" \/>\n<link rel=\"canonical\" href=\"https:\/\/fuveau.net\/index.php\/2023\/10\/27\/les-rajolset-la-rimado\/\" \/>\n<meta property=\"og:locale\" content=\"fr_FR\" \/>\n<meta property=\"og:type\" content=\"article\" \/>\n<meta property=\"og:title\" content=\"Les Rajols et la Rimado - Petites et grandes Histoires de Fuveau\" \/>\n<meta property=\"og:description\" content=\"&nbsp;Qui a connu ce qui \u00e9tait le plus grand quartier de la commune et qui le voit maintenant ? Un quartier de collines qui fut longtemps le paradis des chasseurs tant Fuvelains que Belcod\u00e9nois est maintenant, un entrelacs de chemins desservant des propri\u00e9t\u00e9s b\u00e2ties avec ou sans go\u00fbt et solidement cl\u00f4tur\u00e9es.&nbsp;&nbsp; Le chemin des Rajols [&hellip;]\" \/>\n<meta property=\"og:url\" content=\"https:\/\/fuveau.net\/index.php\/2023\/10\/27\/les-rajolset-la-rimado\/\" \/>\n<meta property=\"og:site_name\" content=\"Petites et grandes Histoires de Fuveau\" \/>\n<meta property=\"article:published_time\" content=\"2023-10-27T13:38:46+00:00\" \/>\n<meta property=\"article:modified_time\" content=\"2023-11-01T16:49:18+00:00\" \/>\n<meta name=\"author\" content=\"Jean-Fran\u00e7ois ROUBAUD\" \/>\n<meta name=\"twitter:card\" content=\"summary_large_image\" \/>\n<meta name=\"twitter:label1\" content=\"\u00c9crit par\" \/>\n\t<meta name=\"twitter:data1\" content=\"Jean-Fran\u00e7ois ROUBAUD\" \/>\n\t<meta name=\"twitter:label2\" content=\"Dur\u00e9e de lecture estim\u00e9e\" \/>\n\t<meta name=\"twitter:data2\" content=\"2 minutes\" \/>\n<script type=\"application\/ld+json\" class=\"yoast-schema-graph\">{\"@context\":\"https:\\\/\\\/schema.org\",\"@graph\":[{\"@type\":\"Article\",\"@id\":\"https:\\\/\\\/fuveau.net\\\/index.php\\\/2023\\\/10\\\/27\\\/les-rajolset-la-rimado\\\/#article\",\"isPartOf\":{\"@id\":\"https:\\\/\\\/fuveau.net\\\/index.php\\\/2023\\\/10\\\/27\\\/les-rajolset-la-rimado\\\/\"},\"author\":{\"name\":\"Jean-Fran\u00e7ois ROUBAUD\",\"@id\":\"https:\\\/\\\/fuveau.net\\\/#\\\/schema\\\/person\\\/2334ed46226babe19f16b8c36a23e39d\"},\"headline\":\"Les Rajols et la Rimado\",\"datePublished\":\"2023-10-27T13:38:46+00:00\",\"dateModified\":\"2023-11-01T16:49:18+00:00\",\"mainEntityOfPage\":{\"@id\":\"https:\\\/\\\/fuveau.net\\\/index.php\\\/2023\\\/10\\\/27\\\/les-rajolset-la-rimado\\\/\"},\"wordCount\":365,\"publisher\":{\"@id\":\"https:\\\/\\\/fuveau.net\\\/#organization\"},\"articleSection\":[\"Quartiers lieux dits\"],\"inLanguage\":\"fr-FR\"},{\"@type\":\"WebPage\",\"@id\":\"https:\\\/\\\/fuveau.net\\\/index.php\\\/2023\\\/10\\\/27\\\/les-rajolset-la-rimado\\\/\",\"url\":\"https:\\\/\\\/fuveau.net\\\/index.php\\\/2023\\\/10\\\/27\\\/les-rajolset-la-rimado\\\/\",\"name\":\"Les Rajols et la Rimado - Petites et grandes Histoires de Fuveau\",\"isPartOf\":{\"@id\":\"https:\\\/\\\/fuveau.net\\\/#website\"},\"datePublished\":\"2023-10-27T13:38:46+00:00\",\"dateModified\":\"2023-11-01T16:49:18+00:00\",\"breadcrumb\":{\"@id\":\"https:\\\/\\\/fuveau.net\\\/index.php\\\/2023\\\/10\\\/27\\\/les-rajolset-la-rimado\\\/#breadcrumb\"},\"inLanguage\":\"fr-FR\",\"potentialAction\":[{\"@type\":\"ReadAction\",\"target\":[\"https:\\\/\\\/fuveau.net\\\/index.php\\\/2023\\\/10\\\/27\\\/les-rajolset-la-rimado\\\/\"]}]},{\"@type\":\"BreadcrumbList\",\"@id\":\"https:\\\/\\\/fuveau.net\\\/index.php\\\/2023\\\/10\\\/27\\\/les-rajolset-la-rimado\\\/#breadcrumb\",\"itemListElement\":[{\"@type\":\"ListItem\",\"position\":1,\"name\":\"Accueil\",\"item\":\"https:\\\/\\\/fuveau.net\\\/\"},{\"@type\":\"ListItem\",\"position\":2,\"name\":\"Les Rajols et la Rimado\"}]},{\"@type\":\"WebSite\",\"@id\":\"https:\\\/\\\/fuveau.net\\\/#website\",\"url\":\"https:\\\/\\\/fuveau.net\\\/\",\"name\":\"Petites et grandes Histoires de Fuveau\",\"description\":\"Site patrimonial de l&#039;histoire de Fuveau\",\"publisher\":{\"@id\":\"https:\\\/\\\/fuveau.net\\\/#organization\"},\"potentialAction\":[{\"@type\":\"SearchAction\",\"target\":{\"@type\":\"EntryPoint\",\"urlTemplate\":\"https:\\\/\\\/fuveau.net\\\/?s={search_term_string}\"},\"query-input\":{\"@type\":\"PropertyValueSpecification\",\"valueRequired\":true,\"valueName\":\"search_term_string\"}}],\"inLanguage\":\"fr-FR\"},{\"@type\":\"Organization\",\"@id\":\"https:\\\/\\\/fuveau.net\\\/#organization\",\"name\":\"Petites et grandes Histoires de Fuveau\",\"url\":\"https:\\\/\\\/fuveau.net\\\/\",\"logo\":{\"@type\":\"ImageObject\",\"inLanguage\":\"fr-FR\",\"@id\":\"https:\\\/\\\/fuveau.net\\\/#\\\/schema\\\/logo\\\/image\\\/\",\"url\":\"https:\\\/\\\/fuveau.net\\\/wp-content\\\/uploads\\\/2023\\\/09\\\/logo-1.jpg\",\"contentUrl\":\"https:\\\/\\\/fuveau.net\\\/wp-content\\\/uploads\\\/2023\\\/09\\\/logo-1.jpg\",\"width\":815,\"height\":415,\"caption\":\"Petites et grandes Histoires de Fuveau\"},\"image\":{\"@id\":\"https:\\\/\\\/fuveau.net\\\/#\\\/schema\\\/logo\\\/image\\\/\"}},{\"@type\":\"Person\",\"@id\":\"https:\\\/\\\/fuveau.net\\\/#\\\/schema\\\/person\\\/2334ed46226babe19f16b8c36a23e39d\",\"name\":\"Jean-Fran\u00e7ois ROUBAUD\",\"image\":{\"@type\":\"ImageObject\",\"inLanguage\":\"fr-FR\",\"@id\":\"https:\\\/\\\/secure.gravatar.com\\\/avatar\\\/7aefd90c55045efd1b1d8cf411892125747ae3aa6b0cfd7ad6e61ec5450f6987?s=96&d=mm&r=g\",\"url\":\"https:\\\/\\\/secure.gravatar.com\\\/avatar\\\/7aefd90c55045efd1b1d8cf411892125747ae3aa6b0cfd7ad6e61ec5450f6987?s=96&d=mm&r=g\",\"contentUrl\":\"https:\\\/\\\/secure.gravatar.com\\\/avatar\\\/7aefd90c55045efd1b1d8cf411892125747ae3aa6b0cfd7ad6e61ec5450f6987?s=96&d=mm&r=g\",\"caption\":\"Jean-Fran\u00e7ois ROUBAUD\"},\"url\":\"https:\\\/\\\/fuveau.net\\\/index.php\\\/author\\\/jfber\\\/\"}]}<\/script>\n<!-- \/ Yoast SEO plugin. -->","yoast_head_json":{"title":"Les Rajols et la Rimado - Petites et grandes Histoires de Fuveau","robots":{"index":"index","follow":"follow","max-snippet":"max-snippet:-1","max-image-preview":"max-image-preview:large","max-video-preview":"max-video-preview:-1"},"canonical":"https:\/\/fuveau.net\/index.php\/2023\/10\/27\/les-rajolset-la-rimado\/","og_locale":"fr_FR","og_type":"article","og_title":"Les Rajols et la Rimado - Petites et grandes Histoires de Fuveau","og_description":"&nbsp;Qui a connu ce qui \u00e9tait le plus grand quartier de la commune et qui le voit maintenant ? Un quartier de collines qui fut longtemps le paradis des chasseurs tant Fuvelains que Belcod\u00e9nois est maintenant, un entrelacs de chemins desservant des propri\u00e9t\u00e9s b\u00e2ties avec ou sans go\u00fbt et solidement cl\u00f4tur\u00e9es.&nbsp;&nbsp; Le chemin des Rajols [&hellip;]","og_url":"https:\/\/fuveau.net\/index.php\/2023\/10\/27\/les-rajolset-la-rimado\/","og_site_name":"Petites et grandes Histoires de Fuveau","article_published_time":"2023-10-27T13:38:46+00:00","article_modified_time":"2023-11-01T16:49:18+00:00","author":"Jean-Fran\u00e7ois ROUBAUD","twitter_card":"summary_large_image","twitter_misc":{"\u00c9crit par":"Jean-Fran\u00e7ois ROUBAUD","Dur\u00e9e de lecture estim\u00e9e":"2 minutes"},"schema":{"@context":"https:\/\/schema.org","@graph":[{"@type":"Article","@id":"https:\/\/fuveau.net\/index.php\/2023\/10\/27\/les-rajolset-la-rimado\/#article","isPartOf":{"@id":"https:\/\/fuveau.net\/index.php\/2023\/10\/27\/les-rajolset-la-rimado\/"},"author":{"name":"Jean-Fran\u00e7ois ROUBAUD","@id":"https:\/\/fuveau.net\/#\/schema\/person\/2334ed46226babe19f16b8c36a23e39d"},"headline":"Les Rajols et la Rimado","datePublished":"2023-10-27T13:38:46+00:00","dateModified":"2023-11-01T16:49:18+00:00","mainEntityOfPage":{"@id":"https:\/\/fuveau.net\/index.php\/2023\/10\/27\/les-rajolset-la-rimado\/"},"wordCount":365,"publisher":{"@id":"https:\/\/fuveau.net\/#organization"},"articleSection":["Quartiers lieux dits"],"inLanguage":"fr-FR"},{"@type":"WebPage","@id":"https:\/\/fuveau.net\/index.php\/2023\/10\/27\/les-rajolset-la-rimado\/","url":"https:\/\/fuveau.net\/index.php\/2023\/10\/27\/les-rajolset-la-rimado\/","name":"Les Rajols et la Rimado - Petites et grandes Histoires de Fuveau","isPartOf":{"@id":"https:\/\/fuveau.net\/#website"},"datePublished":"2023-10-27T13:38:46+00:00","dateModified":"2023-11-01T16:49:18+00:00","breadcrumb":{"@id":"https:\/\/fuveau.net\/index.php\/2023\/10\/27\/les-rajolset-la-rimado\/#breadcrumb"},"inLanguage":"fr-FR","potentialAction":[{"@type":"ReadAction","target":["https:\/\/fuveau.net\/index.php\/2023\/10\/27\/les-rajolset-la-rimado\/"]}]},{"@type":"BreadcrumbList","@id":"https:\/\/fuveau.net\/index.php\/2023\/10\/27\/les-rajolset-la-rimado\/#breadcrumb","itemListElement":[{"@type":"ListItem","position":1,"name":"Accueil","item":"https:\/\/fuveau.net\/"},{"@type":"ListItem","position":2,"name":"Les Rajols et la Rimado"}]},{"@type":"WebSite","@id":"https:\/\/fuveau.net\/#website","url":"https:\/\/fuveau.net\/","name":"Petites et grandes Histoires de Fuveau","description":"Site patrimonial de l&#039;histoire de Fuveau","publisher":{"@id":"https:\/\/fuveau.net\/#organization"},"potentialAction":[{"@type":"SearchAction","target":{"@type":"EntryPoint","urlTemplate":"https:\/\/fuveau.net\/?s={search_term_string}"},"query-input":{"@type":"PropertyValueSpecification","valueRequired":true,"valueName":"search_term_string"}}],"inLanguage":"fr-FR"},{"@type":"Organization","@id":"https:\/\/fuveau.net\/#organization","name":"Petites et grandes Histoires de Fuveau","url":"https:\/\/fuveau.net\/","logo":{"@type":"ImageObject","inLanguage":"fr-FR","@id":"https:\/\/fuveau.net\/#\/schema\/logo\/image\/","url":"https:\/\/fuveau.net\/wp-content\/uploads\/2023\/09\/logo-1.jpg","contentUrl":"https:\/\/fuveau.net\/wp-content\/uploads\/2023\/09\/logo-1.jpg","width":815,"height":415,"caption":"Petites et grandes Histoires de Fuveau"},"image":{"@id":"https:\/\/fuveau.net\/#\/schema\/logo\/image\/"}},{"@type":"Person","@id":"https:\/\/fuveau.net\/#\/schema\/person\/2334ed46226babe19f16b8c36a23e39d","name":"Jean-Fran\u00e7ois ROUBAUD","image":{"@type":"ImageObject","inLanguage":"fr-FR","@id":"https:\/\/secure.gravatar.com\/avatar\/7aefd90c55045efd1b1d8cf411892125747ae3aa6b0cfd7ad6e61ec5450f6987?s=96&d=mm&r=g","url":"https:\/\/secure.gravatar.com\/avatar\/7aefd90c55045efd1b1d8cf411892125747ae3aa6b0cfd7ad6e61ec5450f6987?s=96&d=mm&r=g","contentUrl":"https:\/\/secure.gravatar.com\/avatar\/7aefd90c55045efd1b1d8cf411892125747ae3aa6b0cfd7ad6e61ec5450f6987?s=96&d=mm&r=g","caption":"Jean-Fran\u00e7ois ROUBAUD"},"url":"https:\/\/fuveau.net\/index.php\/author\/jfber\/"}]}},"uagb_featured_image_src":{"full":false,"thumbnail":false,"medium":false,"medium_large":false,"large":false,"1536x1536":false,"2048x2048":false,"post-image":false},"uagb_author_info":{"display_name":"Jean-Fran\u00e7ois ROUBAUD","author_link":"https:\/\/fuveau.net\/index.php\/author\/jfber\/"},"uagb_comment_info":0,"uagb_excerpt":"&nbsp;Qui a connu ce qui \u00e9tait le plus grand quartier de la commune et qui le voit maintenant ? Un quartier de collines qui fut longtemps le paradis des chasseurs tant Fuvelains que Belcod\u00e9nois est maintenant, un entrelacs de chemins desservant des propri\u00e9t\u00e9s b\u00e2ties avec ou sans go\u00fbt et solidement cl\u00f4tur\u00e9es.&nbsp;&nbsp; Le chemin des Rajols\u2026","_links":{"self":[{"href":"https:\/\/fuveau.net\/index.php\/wp-json\/wp\/v2\/posts\/3159","targetHints":{"allow":["GET"]}}],"collection":[{"href":"https:\/\/fuveau.net\/index.php\/wp-json\/wp\/v2\/posts"}],"about":[{"href":"https:\/\/fuveau.net\/index.php\/wp-json\/wp\/v2\/types\/post"}],"author":[{"embeddable":true,"href":"https:\/\/fuveau.net\/index.php\/wp-json\/wp\/v2\/users\/3"}],"replies":[{"embeddable":true,"href":"https:\/\/fuveau.net\/index.php\/wp-json\/wp\/v2\/comments?post=3159"}],"version-history":[{"count":2,"href":"https:\/\/fuveau.net\/index.php\/wp-json\/wp\/v2\/posts\/3159\/revisions"}],"predecessor-version":[{"id":3161,"href":"https:\/\/fuveau.net\/index.php\/wp-json\/wp\/v2\/posts\/3159\/revisions\/3161"}],"wp:attachment":[{"href":"https:\/\/fuveau.net\/index.php\/wp-json\/wp\/v2\/media?parent=3159"}],"wp:term":[{"taxonomy":"category","embeddable":true,"href":"https:\/\/fuveau.net\/index.php\/wp-json\/wp\/v2\/categories?post=3159"},{"taxonomy":"post_tag","embeddable":true,"href":"https:\/\/fuveau.net\/index.php\/wp-json\/wp\/v2\/tags?post=3159"}],"curies":[{"name":"wp","href":"https:\/\/api.w.org\/{rel}","templated":true}]}}