{"id":3155,"date":"2023-10-27T15:28:41","date_gmt":"2023-10-27T13:28:41","guid":{"rendered":"https:\/\/fuveau.net\/?p=3155"},"modified":"2023-12-01T13:26:17","modified_gmt":"2023-12-01T12:26:17","slug":"paul-prieur","status":"publish","type":"post","link":"https:\/\/fuveau.net\/index.php\/2023\/10\/27\/paul-prieur\/","title":{"rendered":"Paul Prieur"},"content":{"rendered":"<div class=\"wp-block-image\">\n<figure class=\"aligncenter size-full\"><img loading=\"lazy\" decoding=\"async\" width=\"221\" height=\"351\" src=\"https:\/\/fuveau.net\/wp-content\/uploads\/2023\/12\/paul-prieur.jpg\" alt=\"\" class=\"wp-image-4269\" srcset=\"https:\/\/fuveau.net\/wp-content\/uploads\/2023\/12\/paul-prieur.jpg 221w, https:\/\/fuveau.net\/wp-content\/uploads\/2023\/12\/paul-prieur-189x300.jpg 189w\" sizes=\"auto, (max-width: 221px) 100vw, 221px\" \/><\/figure>\n<\/div>\n\n\n<p><strong>Les joueurs qui \u00e9voluent cette saison sur le stade de foot ignorent vraisemblablement pourquoi il a \u00e9t\u00e9 baptis\u00e9 ainsi bien que les tristes circonstances qui en ont fait le Stade Paul Prieur fassent partie d&rsquo;un pass\u00e9 relativement proche.<br>N\u00e9 en 1912, Paul \u00e9tait le fils d&rsquo;un fromager des Alpes qui avait \u00e9pous\u00e9 une fuvelaine et s&rsquo;\u00e9tait fix\u00e9 au village. Apr\u00e8s avoir fait un certain temps sa tourn\u00e9e \u00ab\u00a0avec la brouette\u00a0\u00bb, celui-ci avait \u00e9tendu son commerce jusqu&rsquo;\u00e0 desservir toute la r\u00e9gion et devenir un commer\u00e7ant ais\u00e9. N&rsquo;avait-il pas achet\u00e9 la voiture du docteur Barth\u00e9l\u00e9my ?<br>Paul, fils unique et enfant g\u00e2t\u00e9, fut l&rsquo;un des premiers \u00e0 pouvoir aller se baigner \u00e0 l&rsquo;Arc en v\u00e9lo. Il n&rsquo;eut aucune peine dans ses \u00e9tudes \u00e0 l&rsquo;\u00e9cole de Monsieur Rabasse et plus tard dans le secondaire ce qui ne l&#8217;emp\u00eachait pas d&rsquo;\u00eatre un bon vivant comme nous le rappelaient ses amis qui l&rsquo;ont bien connu et de participer \u00e0 des \u00ab\u00a0parties de cabanon sanglantes\u00a0\u00bb comme savaient le faire certains jeunes du village.<br>Quelque temps apr\u00e8s la premi\u00e8re guerre s&rsquo;\u00e9tait mont\u00e9e l&rsquo;\u00e9quipe de foot du village, le Joyeux Sport Fuvelain,&nbsp; compos\u00e9 pour m\u00e9moire de : NOZIGLIA dit Chinchet, goal. Henri RICHAUD, Lazare CHAYNE, arri\u00e8res. Maurice ETIENNE, Ren\u00e9 REY, Marcel REY, demis. &nbsp; Pierre GRAND et Kl\u00e9ber PECOL, inters. BOYER et Daniel OLIVE ailiers. Avant-centre Daniel LAFOY. Quelque temps plus tard, les THEAGNO, Jean TRINCI, Camille BOURELLY, Jean GIRAUD puis Paul PRIEUR \u00e9taient venu remplacer ceux qui prenaient de l&rsquo;\u00e2ge.<br>Travaillant avec son p\u00e8re, Paul pouvait trouver le temps de sacrifier \u00e0 une autre passion : l&rsquo;aviation. Il venait d&rsquo;obtenir son brevet de pilote civil \u00e0 Istres lorsque le 15 mai 1936 il entra en collision avec un avion militaire au-dessus de Marignane. Il avait 24 ans.<br>Une foule l&rsquo;a accompagn\u00e9 jusqu&rsquo;\u00e0 sa derni\u00e8re demeure, une remarquable tombe de marbre noir \u00e0 gauche en rentrant dans le cimeti\u00e8re. C&rsquo;est \u00e0 ce moment que le stade qui n&rsquo;avait pas de nom devint le stade Paul PRIEUR.<\/strong><\/p>\n\n\n<div class=\"wp-block-image\">\n<figure class=\"aligncenter size-full\"><img loading=\"lazy\" decoding=\"async\" width=\"588\" height=\"314\" src=\"https:\/\/fuveau.net\/wp-content\/uploads\/2023\/12\/avion-paul-prieur.jpg\" alt=\"\" class=\"wp-image-4271\" srcset=\"https:\/\/fuveau.net\/wp-content\/uploads\/2023\/12\/avion-paul-prieur.jpg 588w, https:\/\/fuveau.net\/wp-content\/uploads\/2023\/12\/avion-paul-prieur-300x160.jpg 300w\" sizes=\"auto, (max-width: 588px) 100vw, 588px\" \/><\/figure>\n<\/div>\n\n<div class=\"wp-block-image\">\n<figure class=\"aligncenter size-full\"><img loading=\"lazy\" decoding=\"async\" width=\"490\" height=\"480\" src=\"https:\/\/fuveau.net\/wp-content\/uploads\/2023\/10\/Prieur.jpg\" alt=\"\" class=\"wp-image-3156\" srcset=\"https:\/\/fuveau.net\/wp-content\/uploads\/2023\/10\/Prieur.jpg 490w, https:\/\/fuveau.net\/wp-content\/uploads\/2023\/10\/Prieur-300x294.jpg 300w\" sizes=\"auto, (max-width: 490px) 100vw, 490px\" \/><\/figure>\n<\/div>\n\n\n<p class=\"has-text-align-center\"><strong>Paul PRIEUR en cache-nez au cabanon avec ses amis, Fortun\u00e9 ROUBAUD, Jean NEGREL et Jean RICHIER, affal\u00e9.<\/strong><\/p>\n","protected":false},"excerpt":{"rendered":"<p>Les joueurs qui \u00e9voluent cette saison sur le stade de foot ignorent vraisemblablement pourquoi il a \u00e9t\u00e9 baptis\u00e9 ainsi bien que les tristes circonstances qui en ont fait le Stade Paul Prieur fassent partie d&rsquo;un pass\u00e9 relativement proche.N\u00e9 en 1912, Paul \u00e9tait le fils d&rsquo;un fromager des Alpes qui avait \u00e9pous\u00e9 une fuvelaine et s&rsquo;\u00e9tait [&hellip;]<\/p>\n","protected":false},"author":3,"featured_media":4269,"comment_status":"closed","ping_status":"closed","sticky":false,"template":"","format":"standard","meta":{"_uag_custom_page_level_css":"","iawp_total_views":13,"footnotes":""},"categories":[20],"tags":[],"class_list":["post-3155","post","type-post","status-publish","format-standard","has-post-thumbnail","hentry","category-personnages","post-preview"],"yoast_head":"<!-- This site is optimized with the Yoast SEO plugin v27.5 - https:\/\/yoast.com\/product\/yoast-seo-wordpress\/ -->\n<title>Paul Prieur - Petites et grandes Histoires de Fuveau<\/title>\n<meta name=\"robots\" content=\"index, follow, max-snippet:-1, max-image-preview:large, max-video-preview:-1\" \/>\n<link rel=\"canonical\" href=\"https:\/\/fuveau.net\/index.php\/2023\/10\/27\/paul-prieur\/\" \/>\n<meta property=\"og:locale\" content=\"fr_FR\" \/>\n<meta property=\"og:type\" content=\"article\" \/>\n<meta property=\"og:title\" content=\"Paul Prieur - Petites et grandes Histoires de Fuveau\" \/>\n<meta property=\"og:description\" content=\"Les joueurs qui \u00e9voluent cette saison sur le stade de foot ignorent vraisemblablement pourquoi il a \u00e9t\u00e9 baptis\u00e9 ainsi bien que les tristes circonstances qui en ont fait le Stade Paul Prieur fassent partie d&rsquo;un pass\u00e9 relativement proche.N\u00e9 en 1912, Paul \u00e9tait le fils d&rsquo;un fromager des Alpes qui avait \u00e9pous\u00e9 une fuvelaine et s&rsquo;\u00e9tait [&hellip;]\" \/>\n<meta property=\"og:url\" content=\"https:\/\/fuveau.net\/index.php\/2023\/10\/27\/paul-prieur\/\" \/>\n<meta property=\"og:site_name\" content=\"Petites et grandes Histoires de Fuveau\" \/>\n<meta property=\"article:published_time\" content=\"2023-10-27T13:28:41+00:00\" \/>\n<meta property=\"article:modified_time\" content=\"2023-12-01T12:26:17+00:00\" \/>\n<meta property=\"og:image\" content=\"https:\/\/fuveau.net\/wp-content\/uploads\/2023\/12\/paul-prieur.jpg\" \/>\n\t<meta property=\"og:image:width\" content=\"221\" \/>\n\t<meta property=\"og:image:height\" content=\"351\" \/>\n\t<meta property=\"og:image:type\" content=\"image\/jpeg\" \/>\n<meta name=\"author\" content=\"Jean-Fran\u00e7ois ROUBAUD\" \/>\n<meta name=\"twitter:card\" content=\"summary_large_image\" \/>\n<meta name=\"twitter:label1\" content=\"\u00c9crit par\" \/>\n\t<meta name=\"twitter:data1\" content=\"Jean-Fran\u00e7ois ROUBAUD\" \/>\n\t<meta name=\"twitter:label2\" content=\"Dur\u00e9e de lecture estim\u00e9e\" \/>\n\t<meta name=\"twitter:data2\" content=\"3 minutes\" \/>\n<script type=\"application\/ld+json\" class=\"yoast-schema-graph\">{\"@context\":\"https:\\\/\\\/schema.org\",\"@graph\":[{\"@type\":\"Article\",\"@id\":\"https:\\\/\\\/fuveau.net\\\/index.php\\\/2023\\\/10\\\/27\\\/paul-prieur\\\/#article\",\"isPartOf\":{\"@id\":\"https:\\\/\\\/fuveau.net\\\/index.php\\\/2023\\\/10\\\/27\\\/paul-prieur\\\/\"},\"author\":{\"name\":\"Jean-Fran\u00e7ois ROUBAUD\",\"@id\":\"https:\\\/\\\/fuveau.net\\\/#\\\/schema\\\/person\\\/2334ed46226babe19f16b8c36a23e39d\"},\"headline\":\"Paul Prieur\",\"datePublished\":\"2023-10-27T13:28:41+00:00\",\"dateModified\":\"2023-12-01T12:26:17+00:00\",\"mainEntityOfPage\":{\"@id\":\"https:\\\/\\\/fuveau.net\\\/index.php\\\/2023\\\/10\\\/27\\\/paul-prieur\\\/\"},\"wordCount\":370,\"publisher\":{\"@id\":\"https:\\\/\\\/fuveau.net\\\/#organization\"},\"image\":{\"@id\":\"https:\\\/\\\/fuveau.net\\\/index.php\\\/2023\\\/10\\\/27\\\/paul-prieur\\\/#primaryimage\"},\"thumbnailUrl\":\"https:\\\/\\\/fuveau.net\\\/wp-content\\\/uploads\\\/2023\\\/12\\\/paul-prieur.jpg\",\"articleSection\":[\"Personnages\"],\"inLanguage\":\"fr-FR\"},{\"@type\":\"WebPage\",\"@id\":\"https:\\\/\\\/fuveau.net\\\/index.php\\\/2023\\\/10\\\/27\\\/paul-prieur\\\/\",\"url\":\"https:\\\/\\\/fuveau.net\\\/index.php\\\/2023\\\/10\\\/27\\\/paul-prieur\\\/\",\"name\":\"Paul Prieur - Petites et grandes Histoires de Fuveau\",\"isPartOf\":{\"@id\":\"https:\\\/\\\/fuveau.net\\\/#website\"},\"primaryImageOfPage\":{\"@id\":\"https:\\\/\\\/fuveau.net\\\/index.php\\\/2023\\\/10\\\/27\\\/paul-prieur\\\/#primaryimage\"},\"image\":{\"@id\":\"https:\\\/\\\/fuveau.net\\\/index.php\\\/2023\\\/10\\\/27\\\/paul-prieur\\\/#primaryimage\"},\"thumbnailUrl\":\"https:\\\/\\\/fuveau.net\\\/wp-content\\\/uploads\\\/2023\\\/12\\\/paul-prieur.jpg\",\"datePublished\":\"2023-10-27T13:28:41+00:00\",\"dateModified\":\"2023-12-01T12:26:17+00:00\",\"breadcrumb\":{\"@id\":\"https:\\\/\\\/fuveau.net\\\/index.php\\\/2023\\\/10\\\/27\\\/paul-prieur\\\/#breadcrumb\"},\"inLanguage\":\"fr-FR\",\"potentialAction\":[{\"@type\":\"ReadAction\",\"target\":[\"https:\\\/\\\/fuveau.net\\\/index.php\\\/2023\\\/10\\\/27\\\/paul-prieur\\\/\"]}]},{\"@type\":\"ImageObject\",\"inLanguage\":\"fr-FR\",\"@id\":\"https:\\\/\\\/fuveau.net\\\/index.php\\\/2023\\\/10\\\/27\\\/paul-prieur\\\/#primaryimage\",\"url\":\"https:\\\/\\\/fuveau.net\\\/wp-content\\\/uploads\\\/2023\\\/12\\\/paul-prieur.jpg\",\"contentUrl\":\"https:\\\/\\\/fuveau.net\\\/wp-content\\\/uploads\\\/2023\\\/12\\\/paul-prieur.jpg\",\"width\":221,\"height\":351},{\"@type\":\"BreadcrumbList\",\"@id\":\"https:\\\/\\\/fuveau.net\\\/index.php\\\/2023\\\/10\\\/27\\\/paul-prieur\\\/#breadcrumb\",\"itemListElement\":[{\"@type\":\"ListItem\",\"position\":1,\"name\":\"Accueil\",\"item\":\"https:\\\/\\\/fuveau.net\\\/\"},{\"@type\":\"ListItem\",\"position\":2,\"name\":\"Paul Prieur\"}]},{\"@type\":\"WebSite\",\"@id\":\"https:\\\/\\\/fuveau.net\\\/#website\",\"url\":\"https:\\\/\\\/fuveau.net\\\/\",\"name\":\"Petites et grandes Histoires de Fuveau\",\"description\":\"Site patrimonial de l&#039;histoire de Fuveau\",\"publisher\":{\"@id\":\"https:\\\/\\\/fuveau.net\\\/#organization\"},\"potentialAction\":[{\"@type\":\"SearchAction\",\"target\":{\"@type\":\"EntryPoint\",\"urlTemplate\":\"https:\\\/\\\/fuveau.net\\\/?s={search_term_string}\"},\"query-input\":{\"@type\":\"PropertyValueSpecification\",\"valueRequired\":true,\"valueName\":\"search_term_string\"}}],\"inLanguage\":\"fr-FR\"},{\"@type\":\"Organization\",\"@id\":\"https:\\\/\\\/fuveau.net\\\/#organization\",\"name\":\"Petites et grandes Histoires de Fuveau\",\"url\":\"https:\\\/\\\/fuveau.net\\\/\",\"logo\":{\"@type\":\"ImageObject\",\"inLanguage\":\"fr-FR\",\"@id\":\"https:\\\/\\\/fuveau.net\\\/#\\\/schema\\\/logo\\\/image\\\/\",\"url\":\"https:\\\/\\\/fuveau.net\\\/wp-content\\\/uploads\\\/2023\\\/09\\\/logo-1.jpg\",\"contentUrl\":\"https:\\\/\\\/fuveau.net\\\/wp-content\\\/uploads\\\/2023\\\/09\\\/logo-1.jpg\",\"width\":815,\"height\":415,\"caption\":\"Petites et grandes Histoires de Fuveau\"},\"image\":{\"@id\":\"https:\\\/\\\/fuveau.net\\\/#\\\/schema\\\/logo\\\/image\\\/\"}},{\"@type\":\"Person\",\"@id\":\"https:\\\/\\\/fuveau.net\\\/#\\\/schema\\\/person\\\/2334ed46226babe19f16b8c36a23e39d\",\"name\":\"Jean-Fran\u00e7ois ROUBAUD\",\"image\":{\"@type\":\"ImageObject\",\"inLanguage\":\"fr-FR\",\"@id\":\"https:\\\/\\\/secure.gravatar.com\\\/avatar\\\/7aefd90c55045efd1b1d8cf411892125747ae3aa6b0cfd7ad6e61ec5450f6987?s=96&d=mm&r=g\",\"url\":\"https:\\\/\\\/secure.gravatar.com\\\/avatar\\\/7aefd90c55045efd1b1d8cf411892125747ae3aa6b0cfd7ad6e61ec5450f6987?s=96&d=mm&r=g\",\"contentUrl\":\"https:\\\/\\\/secure.gravatar.com\\\/avatar\\\/7aefd90c55045efd1b1d8cf411892125747ae3aa6b0cfd7ad6e61ec5450f6987?s=96&d=mm&r=g\",\"caption\":\"Jean-Fran\u00e7ois ROUBAUD\"},\"url\":\"https:\\\/\\\/fuveau.net\\\/index.php\\\/author\\\/jfber\\\/\"}]}<\/script>\n<!-- \/ Yoast SEO plugin. -->","yoast_head_json":{"title":"Paul Prieur - Petites et grandes Histoires de Fuveau","robots":{"index":"index","follow":"follow","max-snippet":"max-snippet:-1","max-image-preview":"max-image-preview:large","max-video-preview":"max-video-preview:-1"},"canonical":"https:\/\/fuveau.net\/index.php\/2023\/10\/27\/paul-prieur\/","og_locale":"fr_FR","og_type":"article","og_title":"Paul Prieur - Petites et grandes Histoires de Fuveau","og_description":"Les joueurs qui \u00e9voluent cette saison sur le stade de foot ignorent vraisemblablement pourquoi il a \u00e9t\u00e9 baptis\u00e9 ainsi bien que les tristes circonstances qui en ont fait le Stade Paul Prieur fassent partie d&rsquo;un pass\u00e9 relativement proche.N\u00e9 en 1912, Paul \u00e9tait le fils d&rsquo;un fromager des Alpes qui avait \u00e9pous\u00e9 une fuvelaine et s&rsquo;\u00e9tait [&hellip;]","og_url":"https:\/\/fuveau.net\/index.php\/2023\/10\/27\/paul-prieur\/","og_site_name":"Petites et grandes Histoires de Fuveau","article_published_time":"2023-10-27T13:28:41+00:00","article_modified_time":"2023-12-01T12:26:17+00:00","og_image":[{"width":221,"height":351,"url":"https:\/\/fuveau.net\/wp-content\/uploads\/2023\/12\/paul-prieur.jpg","type":"image\/jpeg"}],"author":"Jean-Fran\u00e7ois ROUBAUD","twitter_card":"summary_large_image","twitter_misc":{"\u00c9crit par":"Jean-Fran\u00e7ois ROUBAUD","Dur\u00e9e de lecture estim\u00e9e":"3 minutes"},"schema":{"@context":"https:\/\/schema.org","@graph":[{"@type":"Article","@id":"https:\/\/fuveau.net\/index.php\/2023\/10\/27\/paul-prieur\/#article","isPartOf":{"@id":"https:\/\/fuveau.net\/index.php\/2023\/10\/27\/paul-prieur\/"},"author":{"name":"Jean-Fran\u00e7ois ROUBAUD","@id":"https:\/\/fuveau.net\/#\/schema\/person\/2334ed46226babe19f16b8c36a23e39d"},"headline":"Paul Prieur","datePublished":"2023-10-27T13:28:41+00:00","dateModified":"2023-12-01T12:26:17+00:00","mainEntityOfPage":{"@id":"https:\/\/fuveau.net\/index.php\/2023\/10\/27\/paul-prieur\/"},"wordCount":370,"publisher":{"@id":"https:\/\/fuveau.net\/#organization"},"image":{"@id":"https:\/\/fuveau.net\/index.php\/2023\/10\/27\/paul-prieur\/#primaryimage"},"thumbnailUrl":"https:\/\/fuveau.net\/wp-content\/uploads\/2023\/12\/paul-prieur.jpg","articleSection":["Personnages"],"inLanguage":"fr-FR"},{"@type":"WebPage","@id":"https:\/\/fuveau.net\/index.php\/2023\/10\/27\/paul-prieur\/","url":"https:\/\/fuveau.net\/index.php\/2023\/10\/27\/paul-prieur\/","name":"Paul Prieur - Petites et grandes Histoires de Fuveau","isPartOf":{"@id":"https:\/\/fuveau.net\/#website"},"primaryImageOfPage":{"@id":"https:\/\/fuveau.net\/index.php\/2023\/10\/27\/paul-prieur\/#primaryimage"},"image":{"@id":"https:\/\/fuveau.net\/index.php\/2023\/10\/27\/paul-prieur\/#primaryimage"},"thumbnailUrl":"https:\/\/fuveau.net\/wp-content\/uploads\/2023\/12\/paul-prieur.jpg","datePublished":"2023-10-27T13:28:41+00:00","dateModified":"2023-12-01T12:26:17+00:00","breadcrumb":{"@id":"https:\/\/fuveau.net\/index.php\/2023\/10\/27\/paul-prieur\/#breadcrumb"},"inLanguage":"fr-FR","potentialAction":[{"@type":"ReadAction","target":["https:\/\/fuveau.net\/index.php\/2023\/10\/27\/paul-prieur\/"]}]},{"@type":"ImageObject","inLanguage":"fr-FR","@id":"https:\/\/fuveau.net\/index.php\/2023\/10\/27\/paul-prieur\/#primaryimage","url":"https:\/\/fuveau.net\/wp-content\/uploads\/2023\/12\/paul-prieur.jpg","contentUrl":"https:\/\/fuveau.net\/wp-content\/uploads\/2023\/12\/paul-prieur.jpg","width":221,"height":351},{"@type":"BreadcrumbList","@id":"https:\/\/fuveau.net\/index.php\/2023\/10\/27\/paul-prieur\/#breadcrumb","itemListElement":[{"@type":"ListItem","position":1,"name":"Accueil","item":"https:\/\/fuveau.net\/"},{"@type":"ListItem","position":2,"name":"Paul Prieur"}]},{"@type":"WebSite","@id":"https:\/\/fuveau.net\/#website","url":"https:\/\/fuveau.net\/","name":"Petites et grandes Histoires de Fuveau","description":"Site patrimonial de l&#039;histoire de Fuveau","publisher":{"@id":"https:\/\/fuveau.net\/#organization"},"potentialAction":[{"@type":"SearchAction","target":{"@type":"EntryPoint","urlTemplate":"https:\/\/fuveau.net\/?s={search_term_string}"},"query-input":{"@type":"PropertyValueSpecification","valueRequired":true,"valueName":"search_term_string"}}],"inLanguage":"fr-FR"},{"@type":"Organization","@id":"https:\/\/fuveau.net\/#organization","name":"Petites et grandes Histoires de Fuveau","url":"https:\/\/fuveau.net\/","logo":{"@type":"ImageObject","inLanguage":"fr-FR","@id":"https:\/\/fuveau.net\/#\/schema\/logo\/image\/","url":"https:\/\/fuveau.net\/wp-content\/uploads\/2023\/09\/logo-1.jpg","contentUrl":"https:\/\/fuveau.net\/wp-content\/uploads\/2023\/09\/logo-1.jpg","width":815,"height":415,"caption":"Petites et grandes Histoires de Fuveau"},"image":{"@id":"https:\/\/fuveau.net\/#\/schema\/logo\/image\/"}},{"@type":"Person","@id":"https:\/\/fuveau.net\/#\/schema\/person\/2334ed46226babe19f16b8c36a23e39d","name":"Jean-Fran\u00e7ois ROUBAUD","image":{"@type":"ImageObject","inLanguage":"fr-FR","@id":"https:\/\/secure.gravatar.com\/avatar\/7aefd90c55045efd1b1d8cf411892125747ae3aa6b0cfd7ad6e61ec5450f6987?s=96&d=mm&r=g","url":"https:\/\/secure.gravatar.com\/avatar\/7aefd90c55045efd1b1d8cf411892125747ae3aa6b0cfd7ad6e61ec5450f6987?s=96&d=mm&r=g","contentUrl":"https:\/\/secure.gravatar.com\/avatar\/7aefd90c55045efd1b1d8cf411892125747ae3aa6b0cfd7ad6e61ec5450f6987?s=96&d=mm&r=g","caption":"Jean-Fran\u00e7ois ROUBAUD"},"url":"https:\/\/fuveau.net\/index.php\/author\/jfber\/"}]}},"uagb_featured_image_src":{"full":["https:\/\/fuveau.net\/wp-content\/uploads\/2023\/12\/paul-prieur.jpg",221,351,false],"thumbnail":["https:\/\/fuveau.net\/wp-content\/uploads\/2023\/12\/paul-prieur-150x150.jpg",150,150,true],"medium":["https:\/\/fuveau.net\/wp-content\/uploads\/2023\/12\/paul-prieur-189x300.jpg",189,300,true],"medium_large":["https:\/\/fuveau.net\/wp-content\/uploads\/2023\/12\/paul-prieur.jpg",221,351,false],"large":["https:\/\/fuveau.net\/wp-content\/uploads\/2023\/12\/paul-prieur.jpg",221,351,false],"1536x1536":["https:\/\/fuveau.net\/wp-content\/uploads\/2023\/12\/paul-prieur.jpg",221,351,false],"2048x2048":["https:\/\/fuveau.net\/wp-content\/uploads\/2023\/12\/paul-prieur.jpg",221,351,false],"post-image":["https:\/\/fuveau.net\/wp-content\/uploads\/2023\/12\/paul-prieur.jpg",221,351,false]},"uagb_author_info":{"display_name":"Jean-Fran\u00e7ois ROUBAUD","author_link":"https:\/\/fuveau.net\/index.php\/author\/jfber\/"},"uagb_comment_info":0,"uagb_excerpt":"Les joueurs qui \u00e9voluent cette saison sur le stade de foot ignorent vraisemblablement pourquoi il a \u00e9t\u00e9 baptis\u00e9 ainsi bien que les tristes circonstances qui en ont fait le Stade Paul Prieur fassent partie d&rsquo;un pass\u00e9 relativement proche.N\u00e9 en 1912, Paul \u00e9tait le fils d&rsquo;un fromager des Alpes qui avait \u00e9pous\u00e9 une fuvelaine et s&rsquo;\u00e9tait\u2026","_links":{"self":[{"href":"https:\/\/fuveau.net\/index.php\/wp-json\/wp\/v2\/posts\/3155","targetHints":{"allow":["GET"]}}],"collection":[{"href":"https:\/\/fuveau.net\/index.php\/wp-json\/wp\/v2\/posts"}],"about":[{"href":"https:\/\/fuveau.net\/index.php\/wp-json\/wp\/v2\/types\/post"}],"author":[{"embeddable":true,"href":"https:\/\/fuveau.net\/index.php\/wp-json\/wp\/v2\/users\/3"}],"replies":[{"embeddable":true,"href":"https:\/\/fuveau.net\/index.php\/wp-json\/wp\/v2\/comments?post=3155"}],"version-history":[{"count":3,"href":"https:\/\/fuveau.net\/index.php\/wp-json\/wp\/v2\/posts\/3155\/revisions"}],"predecessor-version":[{"id":4272,"href":"https:\/\/fuveau.net\/index.php\/wp-json\/wp\/v2\/posts\/3155\/revisions\/4272"}],"wp:featuredmedia":[{"embeddable":true,"href":"https:\/\/fuveau.net\/index.php\/wp-json\/wp\/v2\/media\/4269"}],"wp:attachment":[{"href":"https:\/\/fuveau.net\/index.php\/wp-json\/wp\/v2\/media?parent=3155"}],"wp:term":[{"taxonomy":"category","embeddable":true,"href":"https:\/\/fuveau.net\/index.php\/wp-json\/wp\/v2\/categories?post=3155"},{"taxonomy":"post_tag","embeddable":true,"href":"https:\/\/fuveau.net\/index.php\/wp-json\/wp\/v2\/tags?post=3155"}],"curies":[{"name":"wp","href":"https:\/\/api.w.org\/{rel}","templated":true}]}}