{"id":3074,"date":"2023-10-26T16:28:45","date_gmt":"2023-10-26T14:28:45","guid":{"rendered":"https:\/\/fuveau.net\/?p=3074"},"modified":"2023-12-02T17:31:46","modified_gmt":"2023-12-02T16:31:46","slug":"boulevard-loubet","status":"publish","type":"post","link":"https:\/\/fuveau.net\/index.php\/2023\/10\/26\/boulevard-loubet\/","title":{"rendered":"Boulevard Loubet"},"content":{"rendered":"<div class=\"wp-block-image\">\n<figure class=\"aligncenter size-full\"><img loading=\"lazy\" decoding=\"async\" width=\"172\" height=\"212\" src=\"https:\/\/fuveau.net\/wp-content\/uploads\/2023\/10\/loubet1892-1.jpg\" alt=\"\" class=\"wp-image-3075\"\/><\/figure>\n<\/div>\n\n\n<p><strong>C&rsquo;est dans le cadre des nouvelles d\u00e9nominations de rues voulues par la municipalit\u00e9 radicale au d\u00e9but du si\u00e8cle dernier que la plus longue et la plus belle art\u00e8re de Fuveau a pris son appellation actuelle. Il \u00e9tait normal \u00e0 ce moment d&rsquo;honorer le pr\u00e9sident en fonction d&rsquo;autant que c&rsquo;est lui qui avait dirig\u00e9 le pays pour le passage du dix-neuvi\u00e8me au vingti\u00e8me si\u00e8cle et surtout pris la dure succession de F\u00e9lix Faure\u00a0mort dans les conditions que l&rsquo;on sait.\u00a0\u00a0 C&rsquo;est parce qu&rsquo;il a fortement appuy\u00e9 la demande du d\u00e9put\u00e9\u00a0Leydet\u00a0\u00a0pour que Fuveau obtienne sa gare que le village a donn\u00e9 son nom au plus beau de ses boulevards.<\/strong><\/p>\n\n\n<div class=\"wp-block-image\">\n<figure class=\"aligncenter size-full\"><img loading=\"lazy\" decoding=\"async\" width=\"640\" height=\"427\" src=\"https:\/\/fuveau.net\/wp-content\/uploads\/2023\/10\/Fuveau_avant_Pape-1.jpg\" alt=\"\" class=\"wp-image-3076\" srcset=\"https:\/\/fuveau.net\/wp-content\/uploads\/2023\/10\/Fuveau_avant_Pape-1.jpg 640w, https:\/\/fuveau.net\/wp-content\/uploads\/2023\/10\/Fuveau_avant_Pape-1-300x200.jpg 300w\" sizes=\"auto, (max-width: 640px) 100vw, 640px\" \/><\/figure>\n<\/div>\n\n\n<p><strong>Cliquez sur ce lien pour conna\u00eetre son histoire&nbsp;&nbsp;<a href=\"http:\/\/www.senat.fr\/evenement\/archives\/loubet.html\">http:\/\/www.senat.fr\/evenement\/archives\/loubet.html<\/a><\/strong><\/p>\n","protected":false},"excerpt":{"rendered":"<p>C&rsquo;est dans le cadre des nouvelles d\u00e9nominations de rues voulues par la municipalit\u00e9 radicale au d\u00e9but du si\u00e8cle dernier que la plus longue et la plus belle art\u00e8re de Fuveau a pris son appellation actuelle. Il \u00e9tait normal \u00e0 ce moment d&rsquo;honorer le pr\u00e9sident en fonction d&rsquo;autant que c&rsquo;est lui qui avait dirig\u00e9 le pays [&hellip;]<\/p>\n","protected":false},"author":3,"featured_media":3075,"comment_status":"closed","ping_status":"closed","sticky":false,"template":"","format":"standard","meta":{"_uag_custom_page_level_css":"","iawp_total_views":17,"footnotes":""},"categories":[20,7],"tags":[],"class_list":["post-3074","post","type-post","status-publish","format-standard","has-post-thumbnail","hentry","category-personnages","category-pourquoi-ma-rue","post-preview"],"yoast_head":"<!-- This site is optimized with the Yoast SEO plugin v27.5 - https:\/\/yoast.com\/product\/yoast-seo-wordpress\/ -->\n<title>Boulevard Loubet - Petites et grandes Histoires de Fuveau<\/title>\n<meta name=\"robots\" content=\"index, follow, max-snippet:-1, max-image-preview:large, max-video-preview:-1\" \/>\n<link rel=\"canonical\" href=\"https:\/\/fuveau.net\/index.php\/2023\/10\/26\/boulevard-loubet\/\" \/>\n<meta property=\"og:locale\" content=\"fr_FR\" \/>\n<meta property=\"og:type\" content=\"article\" \/>\n<meta property=\"og:title\" content=\"Boulevard Loubet - Petites et grandes Histoires de Fuveau\" \/>\n<meta property=\"og:description\" content=\"C&rsquo;est dans le cadre des nouvelles d\u00e9nominations de rues voulues par la municipalit\u00e9 radicale au d\u00e9but du si\u00e8cle dernier que la plus longue et la plus belle art\u00e8re de Fuveau a pris son appellation actuelle. Il \u00e9tait normal \u00e0 ce moment d&rsquo;honorer le pr\u00e9sident en fonction d&rsquo;autant que c&rsquo;est lui qui avait dirig\u00e9 le pays [&hellip;]\" \/>\n<meta property=\"og:url\" content=\"https:\/\/fuveau.net\/index.php\/2023\/10\/26\/boulevard-loubet\/\" \/>\n<meta property=\"og:site_name\" content=\"Petites et grandes Histoires de Fuveau\" \/>\n<meta property=\"article:published_time\" content=\"2023-10-26T14:28:45+00:00\" \/>\n<meta property=\"article:modified_time\" content=\"2023-12-02T16:31:46+00:00\" \/>\n<meta property=\"og:image\" content=\"https:\/\/fuveau.net\/wp-content\/uploads\/2023\/10\/loubet1892-1.jpg\" \/>\n\t<meta property=\"og:image:width\" content=\"172\" \/>\n\t<meta property=\"og:image:height\" content=\"212\" \/>\n\t<meta property=\"og:image:type\" content=\"image\/jpeg\" \/>\n<meta name=\"author\" content=\"Jean-Fran\u00e7ois ROUBAUD\" \/>\n<meta name=\"twitter:card\" content=\"summary_large_image\" \/>\n<meta name=\"twitter:label1\" content=\"\u00c9crit par\" \/>\n\t<meta name=\"twitter:data1\" content=\"Jean-Fran\u00e7ois ROUBAUD\" \/>\n\t<meta name=\"twitter:label2\" content=\"Dur\u00e9e de lecture estim\u00e9e\" \/>\n\t<meta name=\"twitter:data2\" content=\"2 minutes\" \/>\n<script type=\"application\/ld+json\" class=\"yoast-schema-graph\">{\"@context\":\"https:\\\/\\\/schema.org\",\"@graph\":[{\"@type\":\"Article\",\"@id\":\"https:\\\/\\\/fuveau.net\\\/index.php\\\/2023\\\/10\\\/26\\\/boulevard-loubet\\\/#article\",\"isPartOf\":{\"@id\":\"https:\\\/\\\/fuveau.net\\\/index.php\\\/2023\\\/10\\\/26\\\/boulevard-loubet\\\/\"},\"author\":{\"name\":\"Jean-Fran\u00e7ois ROUBAUD\",\"@id\":\"https:\\\/\\\/fuveau.net\\\/#\\\/schema\\\/person\\\/2334ed46226babe19f16b8c36a23e39d\"},\"headline\":\"Boulevard Loubet\",\"datePublished\":\"2023-10-26T14:28:45+00:00\",\"dateModified\":\"2023-12-02T16:31:46+00:00\",\"mainEntityOfPage\":{\"@id\":\"https:\\\/\\\/fuveau.net\\\/index.php\\\/2023\\\/10\\\/26\\\/boulevard-loubet\\\/\"},\"wordCount\":146,\"publisher\":{\"@id\":\"https:\\\/\\\/fuveau.net\\\/#organization\"},\"image\":{\"@id\":\"https:\\\/\\\/fuveau.net\\\/index.php\\\/2023\\\/10\\\/26\\\/boulevard-loubet\\\/#primaryimage\"},\"thumbnailUrl\":\"https:\\\/\\\/fuveau.net\\\/wp-content\\\/uploads\\\/2023\\\/10\\\/loubet1892-1.jpg\",\"articleSection\":[\"Personnages\",\"Pourquoi ma rue\"],\"inLanguage\":\"fr-FR\"},{\"@type\":\"WebPage\",\"@id\":\"https:\\\/\\\/fuveau.net\\\/index.php\\\/2023\\\/10\\\/26\\\/boulevard-loubet\\\/\",\"url\":\"https:\\\/\\\/fuveau.net\\\/index.php\\\/2023\\\/10\\\/26\\\/boulevard-loubet\\\/\",\"name\":\"Boulevard Loubet - Petites et grandes Histoires de Fuveau\",\"isPartOf\":{\"@id\":\"https:\\\/\\\/fuveau.net\\\/#website\"},\"primaryImageOfPage\":{\"@id\":\"https:\\\/\\\/fuveau.net\\\/index.php\\\/2023\\\/10\\\/26\\\/boulevard-loubet\\\/#primaryimage\"},\"image\":{\"@id\":\"https:\\\/\\\/fuveau.net\\\/index.php\\\/2023\\\/10\\\/26\\\/boulevard-loubet\\\/#primaryimage\"},\"thumbnailUrl\":\"https:\\\/\\\/fuveau.net\\\/wp-content\\\/uploads\\\/2023\\\/10\\\/loubet1892-1.jpg\",\"datePublished\":\"2023-10-26T14:28:45+00:00\",\"dateModified\":\"2023-12-02T16:31:46+00:00\",\"breadcrumb\":{\"@id\":\"https:\\\/\\\/fuveau.net\\\/index.php\\\/2023\\\/10\\\/26\\\/boulevard-loubet\\\/#breadcrumb\"},\"inLanguage\":\"fr-FR\",\"potentialAction\":[{\"@type\":\"ReadAction\",\"target\":[\"https:\\\/\\\/fuveau.net\\\/index.php\\\/2023\\\/10\\\/26\\\/boulevard-loubet\\\/\"]}]},{\"@type\":\"ImageObject\",\"inLanguage\":\"fr-FR\",\"@id\":\"https:\\\/\\\/fuveau.net\\\/index.php\\\/2023\\\/10\\\/26\\\/boulevard-loubet\\\/#primaryimage\",\"url\":\"https:\\\/\\\/fuveau.net\\\/wp-content\\\/uploads\\\/2023\\\/10\\\/loubet1892-1.jpg\",\"contentUrl\":\"https:\\\/\\\/fuveau.net\\\/wp-content\\\/uploads\\\/2023\\\/10\\\/loubet1892-1.jpg\",\"width\":172,\"height\":212},{\"@type\":\"BreadcrumbList\",\"@id\":\"https:\\\/\\\/fuveau.net\\\/index.php\\\/2023\\\/10\\\/26\\\/boulevard-loubet\\\/#breadcrumb\",\"itemListElement\":[{\"@type\":\"ListItem\",\"position\":1,\"name\":\"Accueil\",\"item\":\"https:\\\/\\\/fuveau.net\\\/\"},{\"@type\":\"ListItem\",\"position\":2,\"name\":\"Boulevard Loubet\"}]},{\"@type\":\"WebSite\",\"@id\":\"https:\\\/\\\/fuveau.net\\\/#website\",\"url\":\"https:\\\/\\\/fuveau.net\\\/\",\"name\":\"Petites et grandes Histoires de Fuveau\",\"description\":\"Site patrimonial de l&#039;histoire de Fuveau\",\"publisher\":{\"@id\":\"https:\\\/\\\/fuveau.net\\\/#organization\"},\"potentialAction\":[{\"@type\":\"SearchAction\",\"target\":{\"@type\":\"EntryPoint\",\"urlTemplate\":\"https:\\\/\\\/fuveau.net\\\/?s={search_term_string}\"},\"query-input\":{\"@type\":\"PropertyValueSpecification\",\"valueRequired\":true,\"valueName\":\"search_term_string\"}}],\"inLanguage\":\"fr-FR\"},{\"@type\":\"Organization\",\"@id\":\"https:\\\/\\\/fuveau.net\\\/#organization\",\"name\":\"Petites et grandes Histoires de Fuveau\",\"url\":\"https:\\\/\\\/fuveau.net\\\/\",\"logo\":{\"@type\":\"ImageObject\",\"inLanguage\":\"fr-FR\",\"@id\":\"https:\\\/\\\/fuveau.net\\\/#\\\/schema\\\/logo\\\/image\\\/\",\"url\":\"https:\\\/\\\/fuveau.net\\\/wp-content\\\/uploads\\\/2023\\\/09\\\/logo-1.jpg\",\"contentUrl\":\"https:\\\/\\\/fuveau.net\\\/wp-content\\\/uploads\\\/2023\\\/09\\\/logo-1.jpg\",\"width\":815,\"height\":415,\"caption\":\"Petites et grandes Histoires de Fuveau\"},\"image\":{\"@id\":\"https:\\\/\\\/fuveau.net\\\/#\\\/schema\\\/logo\\\/image\\\/\"}},{\"@type\":\"Person\",\"@id\":\"https:\\\/\\\/fuveau.net\\\/#\\\/schema\\\/person\\\/2334ed46226babe19f16b8c36a23e39d\",\"name\":\"Jean-Fran\u00e7ois ROUBAUD\",\"image\":{\"@type\":\"ImageObject\",\"inLanguage\":\"fr-FR\",\"@id\":\"https:\\\/\\\/secure.gravatar.com\\\/avatar\\\/7aefd90c55045efd1b1d8cf411892125747ae3aa6b0cfd7ad6e61ec5450f6987?s=96&d=mm&r=g\",\"url\":\"https:\\\/\\\/secure.gravatar.com\\\/avatar\\\/7aefd90c55045efd1b1d8cf411892125747ae3aa6b0cfd7ad6e61ec5450f6987?s=96&d=mm&r=g\",\"contentUrl\":\"https:\\\/\\\/secure.gravatar.com\\\/avatar\\\/7aefd90c55045efd1b1d8cf411892125747ae3aa6b0cfd7ad6e61ec5450f6987?s=96&d=mm&r=g\",\"caption\":\"Jean-Fran\u00e7ois ROUBAUD\"},\"url\":\"https:\\\/\\\/fuveau.net\\\/index.php\\\/author\\\/jfber\\\/\"}]}<\/script>\n<!-- \/ Yoast SEO plugin. -->","yoast_head_json":{"title":"Boulevard Loubet - Petites et grandes Histoires de Fuveau","robots":{"index":"index","follow":"follow","max-snippet":"max-snippet:-1","max-image-preview":"max-image-preview:large","max-video-preview":"max-video-preview:-1"},"canonical":"https:\/\/fuveau.net\/index.php\/2023\/10\/26\/boulevard-loubet\/","og_locale":"fr_FR","og_type":"article","og_title":"Boulevard Loubet - Petites et grandes Histoires de Fuveau","og_description":"C&rsquo;est dans le cadre des nouvelles d\u00e9nominations de rues voulues par la municipalit\u00e9 radicale au d\u00e9but du si\u00e8cle dernier que la plus longue et la plus belle art\u00e8re de Fuveau a pris son appellation actuelle. Il \u00e9tait normal \u00e0 ce moment d&rsquo;honorer le pr\u00e9sident en fonction d&rsquo;autant que c&rsquo;est lui qui avait dirig\u00e9 le pays [&hellip;]","og_url":"https:\/\/fuveau.net\/index.php\/2023\/10\/26\/boulevard-loubet\/","og_site_name":"Petites et grandes Histoires de Fuveau","article_published_time":"2023-10-26T14:28:45+00:00","article_modified_time":"2023-12-02T16:31:46+00:00","og_image":[{"width":172,"height":212,"url":"https:\/\/fuveau.net\/wp-content\/uploads\/2023\/10\/loubet1892-1.jpg","type":"image\/jpeg"}],"author":"Jean-Fran\u00e7ois ROUBAUD","twitter_card":"summary_large_image","twitter_misc":{"\u00c9crit par":"Jean-Fran\u00e7ois ROUBAUD","Dur\u00e9e de lecture estim\u00e9e":"2 minutes"},"schema":{"@context":"https:\/\/schema.org","@graph":[{"@type":"Article","@id":"https:\/\/fuveau.net\/index.php\/2023\/10\/26\/boulevard-loubet\/#article","isPartOf":{"@id":"https:\/\/fuveau.net\/index.php\/2023\/10\/26\/boulevard-loubet\/"},"author":{"name":"Jean-Fran\u00e7ois ROUBAUD","@id":"https:\/\/fuveau.net\/#\/schema\/person\/2334ed46226babe19f16b8c36a23e39d"},"headline":"Boulevard Loubet","datePublished":"2023-10-26T14:28:45+00:00","dateModified":"2023-12-02T16:31:46+00:00","mainEntityOfPage":{"@id":"https:\/\/fuveau.net\/index.php\/2023\/10\/26\/boulevard-loubet\/"},"wordCount":146,"publisher":{"@id":"https:\/\/fuveau.net\/#organization"},"image":{"@id":"https:\/\/fuveau.net\/index.php\/2023\/10\/26\/boulevard-loubet\/#primaryimage"},"thumbnailUrl":"https:\/\/fuveau.net\/wp-content\/uploads\/2023\/10\/loubet1892-1.jpg","articleSection":["Personnages","Pourquoi ma rue"],"inLanguage":"fr-FR"},{"@type":"WebPage","@id":"https:\/\/fuveau.net\/index.php\/2023\/10\/26\/boulevard-loubet\/","url":"https:\/\/fuveau.net\/index.php\/2023\/10\/26\/boulevard-loubet\/","name":"Boulevard Loubet - Petites et grandes Histoires de Fuveau","isPartOf":{"@id":"https:\/\/fuveau.net\/#website"},"primaryImageOfPage":{"@id":"https:\/\/fuveau.net\/index.php\/2023\/10\/26\/boulevard-loubet\/#primaryimage"},"image":{"@id":"https:\/\/fuveau.net\/index.php\/2023\/10\/26\/boulevard-loubet\/#primaryimage"},"thumbnailUrl":"https:\/\/fuveau.net\/wp-content\/uploads\/2023\/10\/loubet1892-1.jpg","datePublished":"2023-10-26T14:28:45+00:00","dateModified":"2023-12-02T16:31:46+00:00","breadcrumb":{"@id":"https:\/\/fuveau.net\/index.php\/2023\/10\/26\/boulevard-loubet\/#breadcrumb"},"inLanguage":"fr-FR","potentialAction":[{"@type":"ReadAction","target":["https:\/\/fuveau.net\/index.php\/2023\/10\/26\/boulevard-loubet\/"]}]},{"@type":"ImageObject","inLanguage":"fr-FR","@id":"https:\/\/fuveau.net\/index.php\/2023\/10\/26\/boulevard-loubet\/#primaryimage","url":"https:\/\/fuveau.net\/wp-content\/uploads\/2023\/10\/loubet1892-1.jpg","contentUrl":"https:\/\/fuveau.net\/wp-content\/uploads\/2023\/10\/loubet1892-1.jpg","width":172,"height":212},{"@type":"BreadcrumbList","@id":"https:\/\/fuveau.net\/index.php\/2023\/10\/26\/boulevard-loubet\/#breadcrumb","itemListElement":[{"@type":"ListItem","position":1,"name":"Accueil","item":"https:\/\/fuveau.net\/"},{"@type":"ListItem","position":2,"name":"Boulevard Loubet"}]},{"@type":"WebSite","@id":"https:\/\/fuveau.net\/#website","url":"https:\/\/fuveau.net\/","name":"Petites et grandes Histoires de Fuveau","description":"Site patrimonial de l&#039;histoire de Fuveau","publisher":{"@id":"https:\/\/fuveau.net\/#organization"},"potentialAction":[{"@type":"SearchAction","target":{"@type":"EntryPoint","urlTemplate":"https:\/\/fuveau.net\/?s={search_term_string}"},"query-input":{"@type":"PropertyValueSpecification","valueRequired":true,"valueName":"search_term_string"}}],"inLanguage":"fr-FR"},{"@type":"Organization","@id":"https:\/\/fuveau.net\/#organization","name":"Petites et grandes Histoires de Fuveau","url":"https:\/\/fuveau.net\/","logo":{"@type":"ImageObject","inLanguage":"fr-FR","@id":"https:\/\/fuveau.net\/#\/schema\/logo\/image\/","url":"https:\/\/fuveau.net\/wp-content\/uploads\/2023\/09\/logo-1.jpg","contentUrl":"https:\/\/fuveau.net\/wp-content\/uploads\/2023\/09\/logo-1.jpg","width":815,"height":415,"caption":"Petites et grandes Histoires de Fuveau"},"image":{"@id":"https:\/\/fuveau.net\/#\/schema\/logo\/image\/"}},{"@type":"Person","@id":"https:\/\/fuveau.net\/#\/schema\/person\/2334ed46226babe19f16b8c36a23e39d","name":"Jean-Fran\u00e7ois ROUBAUD","image":{"@type":"ImageObject","inLanguage":"fr-FR","@id":"https:\/\/secure.gravatar.com\/avatar\/7aefd90c55045efd1b1d8cf411892125747ae3aa6b0cfd7ad6e61ec5450f6987?s=96&d=mm&r=g","url":"https:\/\/secure.gravatar.com\/avatar\/7aefd90c55045efd1b1d8cf411892125747ae3aa6b0cfd7ad6e61ec5450f6987?s=96&d=mm&r=g","contentUrl":"https:\/\/secure.gravatar.com\/avatar\/7aefd90c55045efd1b1d8cf411892125747ae3aa6b0cfd7ad6e61ec5450f6987?s=96&d=mm&r=g","caption":"Jean-Fran\u00e7ois ROUBAUD"},"url":"https:\/\/fuveau.net\/index.php\/author\/jfber\/"}]}},"uagb_featured_image_src":{"full":["https:\/\/fuveau.net\/wp-content\/uploads\/2023\/10\/loubet1892-1.jpg",172,212,false],"thumbnail":["https:\/\/fuveau.net\/wp-content\/uploads\/2023\/10\/loubet1892-1-150x150.jpg",150,150,true],"medium":["https:\/\/fuveau.net\/wp-content\/uploads\/2023\/10\/loubet1892-1.jpg",172,212,false],"medium_large":["https:\/\/fuveau.net\/wp-content\/uploads\/2023\/10\/loubet1892-1.jpg",172,212,false],"large":["https:\/\/fuveau.net\/wp-content\/uploads\/2023\/10\/loubet1892-1.jpg",172,212,false],"1536x1536":["https:\/\/fuveau.net\/wp-content\/uploads\/2023\/10\/loubet1892-1.jpg",172,212,false],"2048x2048":["https:\/\/fuveau.net\/wp-content\/uploads\/2023\/10\/loubet1892-1.jpg",172,212,false],"post-image":["https:\/\/fuveau.net\/wp-content\/uploads\/2023\/10\/loubet1892-1.jpg",172,212,false]},"uagb_author_info":{"display_name":"Jean-Fran\u00e7ois ROUBAUD","author_link":"https:\/\/fuveau.net\/index.php\/author\/jfber\/"},"uagb_comment_info":0,"uagb_excerpt":"C&rsquo;est dans le cadre des nouvelles d\u00e9nominations de rues voulues par la municipalit\u00e9 radicale au d\u00e9but du si\u00e8cle dernier que la plus longue et la plus belle art\u00e8re de Fuveau a pris son appellation actuelle. Il \u00e9tait normal \u00e0 ce moment d&rsquo;honorer le pr\u00e9sident en fonction d&rsquo;autant que c&rsquo;est lui qui avait dirig\u00e9 le pays\u2026","_links":{"self":[{"href":"https:\/\/fuveau.net\/index.php\/wp-json\/wp\/v2\/posts\/3074","targetHints":{"allow":["GET"]}}],"collection":[{"href":"https:\/\/fuveau.net\/index.php\/wp-json\/wp\/v2\/posts"}],"about":[{"href":"https:\/\/fuveau.net\/index.php\/wp-json\/wp\/v2\/types\/post"}],"author":[{"embeddable":true,"href":"https:\/\/fuveau.net\/index.php\/wp-json\/wp\/v2\/users\/3"}],"replies":[{"embeddable":true,"href":"https:\/\/fuveau.net\/index.php\/wp-json\/wp\/v2\/comments?post=3074"}],"version-history":[{"count":4,"href":"https:\/\/fuveau.net\/index.php\/wp-json\/wp\/v2\/posts\/3074\/revisions"}],"predecessor-version":[{"id":4293,"href":"https:\/\/fuveau.net\/index.php\/wp-json\/wp\/v2\/posts\/3074\/revisions\/4293"}],"wp:featuredmedia":[{"embeddable":true,"href":"https:\/\/fuveau.net\/index.php\/wp-json\/wp\/v2\/media\/3075"}],"wp:attachment":[{"href":"https:\/\/fuveau.net\/index.php\/wp-json\/wp\/v2\/media?parent=3074"}],"wp:term":[{"taxonomy":"category","embeddable":true,"href":"https:\/\/fuveau.net\/index.php\/wp-json\/wp\/v2\/categories?post=3074"},{"taxonomy":"post_tag","embeddable":true,"href":"https:\/\/fuveau.net\/index.php\/wp-json\/wp\/v2\/tags?post=3074"}],"curies":[{"name":"wp","href":"https:\/\/api.w.org\/{rel}","templated":true}]}}