{"id":297,"date":"2023-09-03T18:52:18","date_gmt":"2023-09-03T16:52:18","guid":{"rendered":"https:\/\/fuveau.net\/?p=297"},"modified":"2023-11-12T15:59:28","modified_gmt":"2023-11-12T14:59:28","slug":"hauteur-de-gare-septembre-2014","status":"publish","type":"post","link":"https:\/\/fuveau.net\/index.php\/2023\/09\/03\/hauteur-de-gare-septembre-2014\/","title":{"rendered":"Hauteur de gare (septembre 2014)"},"content":{"rendered":"\n<figure class=\"wp-block-image size-full\"><img loading=\"lazy\" decoding=\"async\" width=\"800\" height=\"600\" src=\"https:\/\/fuveau.net\/wp-content\/uploads\/2023\/10\/hauteur-ancienne-gare.jpg\" alt=\"\" class=\"wp-image-2478\" srcset=\"https:\/\/fuveau.net\/wp-content\/uploads\/2023\/10\/hauteur-ancienne-gare.jpg 800w, https:\/\/fuveau.net\/wp-content\/uploads\/2023\/10\/hauteur-ancienne-gare-300x225.jpg 300w, https:\/\/fuveau.net\/wp-content\/uploads\/2023\/10\/hauteur-ancienne-gare-768x576.jpg 768w, https:\/\/fuveau.net\/wp-content\/uploads\/2023\/10\/hauteur-ancienne-gare-676x507.jpg 676w\" sizes=\"auto, (max-width: 800px) 100vw, 800px\" \/><\/figure>\n\n\n\n<p><strong>Cette photo n&rsquo;a certainement aucune valeur artistique ni technique mais tr\u00e8s vraisemblablement un int\u00e9r\u00eat patrimonial. Eh oui ! Apr\u00e8s la r\u00e9cente inauguration de la table d&rsquo;orientation dans le virage de la rue Rondet o\u00f9 la hauteur (au-dessus du niveau de la mer) est donn\u00e9e \u00e0 juste titre \u00e0 301 m\u00e8tres, il nous a paru int\u00e9ressant de signaler l&rsquo;existence de cette pierre, pieusement conserv\u00e9e telle un relique mais bien peu mise en valeur sinon d\u00e9valoris\u00e9e. On la trouve \u00e0 son emplacement originel, \u00e0 l&rsquo;\u00e9poque o\u00f9 elle indiquait in situ, la hauteur de l&rsquo;ancienne gare qui elle, se trouvait \u00e0 254,4 m\u00e8tres. Pour la trouver, un petit effort est n\u00e9cessaire ! Il faut aller sur l&#8217;emplacement de la fontaine, place de l&rsquo;Ancienne gare et l\u00e0, monter prudemment sur le rond-point au niveau de la fontaine, face \u00e0 l&rsquo;avenue C\u00e9lestin Barth\u00e9l\u00e9my\u00a0 et on trouve cette inscription qui tourne le dos \u00e0 l&rsquo;avenue ! C&rsquo;est une bien modeste relique quasi invisible de notre patrimoine local\u00a0 dans une position peu acad\u00e9mique!<\/strong><\/p>\n","protected":false},"excerpt":{"rendered":"<p>Cette photo n&rsquo;a certainement aucune valeur artistique ni technique mais tr\u00e8s vraisemblablement un int\u00e9r\u00eat patrimonial. Eh oui ! Apr\u00e8s la r\u00e9cente inauguration de la table d&rsquo;orientation dans le virage de la rue Rondet o\u00f9 la hauteur (au-dessus du niveau de la mer) est donn\u00e9e \u00e0 juste titre \u00e0 301 m\u00e8tres, il nous a paru int\u00e9ressant [&hellip;]<\/p>\n","protected":false},"author":3,"featured_media":0,"comment_status":"open","ping_status":"closed","sticky":false,"template":"","format":"standard","meta":{"_uag_custom_page_level_css":"","iawp_total_views":7,"footnotes":""},"categories":[6],"tags":[],"class_list":["post-297","post","type-post","status-publish","format-standard","hentry","category-anecdotes","post-preview"],"yoast_head":"<!-- This site is optimized with the Yoast SEO plugin v27.4 - https:\/\/yoast.com\/product\/yoast-seo-wordpress\/ -->\n<title>Hauteur de gare (septembre 2014) - Petites et grandes Histoires de Fuveau<\/title>\n<meta name=\"robots\" content=\"index, follow, max-snippet:-1, max-image-preview:large, max-video-preview:-1\" \/>\n<link rel=\"canonical\" href=\"https:\/\/fuveau.net\/index.php\/2023\/09\/03\/hauteur-de-gare-septembre-2014\/\" \/>\n<meta property=\"og:locale\" content=\"fr_FR\" \/>\n<meta property=\"og:type\" content=\"article\" \/>\n<meta property=\"og:title\" content=\"Hauteur de gare (septembre 2014) - Petites et grandes Histoires de Fuveau\" \/>\n<meta property=\"og:description\" content=\"Cette photo n&rsquo;a certainement aucune valeur artistique ni technique mais tr\u00e8s vraisemblablement un int\u00e9r\u00eat patrimonial. Eh oui ! Apr\u00e8s la r\u00e9cente inauguration de la table d&rsquo;orientation dans le virage de la rue Rondet o\u00f9 la hauteur (au-dessus du niveau de la mer) est donn\u00e9e \u00e0 juste titre \u00e0 301 m\u00e8tres, il nous a paru int\u00e9ressant [&hellip;]\" \/>\n<meta property=\"og:url\" content=\"https:\/\/fuveau.net\/index.php\/2023\/09\/03\/hauteur-de-gare-septembre-2014\/\" \/>\n<meta property=\"og:site_name\" content=\"Petites et grandes Histoires de Fuveau\" \/>\n<meta property=\"article:published_time\" content=\"2023-09-03T16:52:18+00:00\" \/>\n<meta property=\"article:modified_time\" content=\"2023-11-12T14:59:28+00:00\" \/>\n<meta property=\"og:image\" content=\"https:\/\/fuveau.net\/wp-content\/uploads\/2023\/10\/hauteur-ancienne-gare.jpg\" \/>\n<meta name=\"author\" content=\"Jean-Fran\u00e7ois ROUBAUD\" \/>\n<meta name=\"twitter:card\" content=\"summary_large_image\" \/>\n<meta name=\"twitter:label1\" content=\"\u00c9crit par\" \/>\n\t<meta name=\"twitter:data1\" content=\"Jean-Fran\u00e7ois ROUBAUD\" \/>\n\t<meta name=\"twitter:label2\" content=\"Dur\u00e9e de lecture estim\u00e9e\" \/>\n\t<meta name=\"twitter:data2\" content=\"1 minute\" \/>\n<script type=\"application\/ld+json\" class=\"yoast-schema-graph\">{\"@context\":\"https:\\\/\\\/schema.org\",\"@graph\":[{\"@type\":\"Article\",\"@id\":\"https:\\\/\\\/fuveau.net\\\/index.php\\\/2023\\\/09\\\/03\\\/hauteur-de-gare-septembre-2014\\\/#article\",\"isPartOf\":{\"@id\":\"https:\\\/\\\/fuveau.net\\\/index.php\\\/2023\\\/09\\\/03\\\/hauteur-de-gare-septembre-2014\\\/\"},\"author\":{\"name\":\"Jean-Fran\u00e7ois ROUBAUD\",\"@id\":\"https:\\\/\\\/fuveau.net\\\/#\\\/schema\\\/person\\\/2334ed46226babe19f16b8c36a23e39d\"},\"headline\":\"Hauteur de gare (septembre 2014)\",\"datePublished\":\"2023-09-03T16:52:18+00:00\",\"dateModified\":\"2023-11-12T14:59:28+00:00\",\"mainEntityOfPage\":{\"@id\":\"https:\\\/\\\/fuveau.net\\\/index.php\\\/2023\\\/09\\\/03\\\/hauteur-de-gare-septembre-2014\\\/\"},\"wordCount\":185,\"commentCount\":0,\"publisher\":{\"@id\":\"https:\\\/\\\/fuveau.net\\\/#organization\"},\"image\":{\"@id\":\"https:\\\/\\\/fuveau.net\\\/index.php\\\/2023\\\/09\\\/03\\\/hauteur-de-gare-septembre-2014\\\/#primaryimage\"},\"thumbnailUrl\":\"https:\\\/\\\/fuveau.net\\\/wp-content\\\/uploads\\\/2023\\\/10\\\/hauteur-ancienne-gare.jpg\",\"articleSection\":[\"Anecdotes\"],\"inLanguage\":\"fr-FR\",\"potentialAction\":[{\"@type\":\"CommentAction\",\"name\":\"Comment\",\"target\":[\"https:\\\/\\\/fuveau.net\\\/index.php\\\/2023\\\/09\\\/03\\\/hauteur-de-gare-septembre-2014\\\/#respond\"]}]},{\"@type\":\"WebPage\",\"@id\":\"https:\\\/\\\/fuveau.net\\\/index.php\\\/2023\\\/09\\\/03\\\/hauteur-de-gare-septembre-2014\\\/\",\"url\":\"https:\\\/\\\/fuveau.net\\\/index.php\\\/2023\\\/09\\\/03\\\/hauteur-de-gare-septembre-2014\\\/\",\"name\":\"Hauteur de gare (septembre 2014) - Petites et grandes Histoires de Fuveau\",\"isPartOf\":{\"@id\":\"https:\\\/\\\/fuveau.net\\\/#website\"},\"primaryImageOfPage\":{\"@id\":\"https:\\\/\\\/fuveau.net\\\/index.php\\\/2023\\\/09\\\/03\\\/hauteur-de-gare-septembre-2014\\\/#primaryimage\"},\"image\":{\"@id\":\"https:\\\/\\\/fuveau.net\\\/index.php\\\/2023\\\/09\\\/03\\\/hauteur-de-gare-septembre-2014\\\/#primaryimage\"},\"thumbnailUrl\":\"https:\\\/\\\/fuveau.net\\\/wp-content\\\/uploads\\\/2023\\\/10\\\/hauteur-ancienne-gare.jpg\",\"datePublished\":\"2023-09-03T16:52:18+00:00\",\"dateModified\":\"2023-11-12T14:59:28+00:00\",\"breadcrumb\":{\"@id\":\"https:\\\/\\\/fuveau.net\\\/index.php\\\/2023\\\/09\\\/03\\\/hauteur-de-gare-septembre-2014\\\/#breadcrumb\"},\"inLanguage\":\"fr-FR\",\"potentialAction\":[{\"@type\":\"ReadAction\",\"target\":[\"https:\\\/\\\/fuveau.net\\\/index.php\\\/2023\\\/09\\\/03\\\/hauteur-de-gare-septembre-2014\\\/\"]}]},{\"@type\":\"ImageObject\",\"inLanguage\":\"fr-FR\",\"@id\":\"https:\\\/\\\/fuveau.net\\\/index.php\\\/2023\\\/09\\\/03\\\/hauteur-de-gare-septembre-2014\\\/#primaryimage\",\"url\":\"https:\\\/\\\/fuveau.net\\\/wp-content\\\/uploads\\\/2023\\\/10\\\/hauteur-ancienne-gare.jpg\",\"contentUrl\":\"https:\\\/\\\/fuveau.net\\\/wp-content\\\/uploads\\\/2023\\\/10\\\/hauteur-ancienne-gare.jpg\",\"width\":800,\"height\":600},{\"@type\":\"BreadcrumbList\",\"@id\":\"https:\\\/\\\/fuveau.net\\\/index.php\\\/2023\\\/09\\\/03\\\/hauteur-de-gare-septembre-2014\\\/#breadcrumb\",\"itemListElement\":[{\"@type\":\"ListItem\",\"position\":1,\"name\":\"Accueil\",\"item\":\"https:\\\/\\\/fuveau.net\\\/\"},{\"@type\":\"ListItem\",\"position\":2,\"name\":\"Lieux\",\"item\":\"https:\\\/\\\/fuveau.net\\\/index.php\\\/lieux\\\/\"},{\"@type\":\"ListItem\",\"position\":3,\"name\":\"Hauteur de gare (septembre 2014)\"}]},{\"@type\":\"WebSite\",\"@id\":\"https:\\\/\\\/fuveau.net\\\/#website\",\"url\":\"https:\\\/\\\/fuveau.net\\\/\",\"name\":\"Petites et grandes Histoires de Fuveau\",\"description\":\"Site patrimonial de l&#039;histoire de Fuveau\",\"publisher\":{\"@id\":\"https:\\\/\\\/fuveau.net\\\/#organization\"},\"potentialAction\":[{\"@type\":\"SearchAction\",\"target\":{\"@type\":\"EntryPoint\",\"urlTemplate\":\"https:\\\/\\\/fuveau.net\\\/?s={search_term_string}\"},\"query-input\":{\"@type\":\"PropertyValueSpecification\",\"valueRequired\":true,\"valueName\":\"search_term_string\"}}],\"inLanguage\":\"fr-FR\"},{\"@type\":\"Organization\",\"@id\":\"https:\\\/\\\/fuveau.net\\\/#organization\",\"name\":\"Petites et grandes Histoires de Fuveau\",\"url\":\"https:\\\/\\\/fuveau.net\\\/\",\"logo\":{\"@type\":\"ImageObject\",\"inLanguage\":\"fr-FR\",\"@id\":\"https:\\\/\\\/fuveau.net\\\/#\\\/schema\\\/logo\\\/image\\\/\",\"url\":\"https:\\\/\\\/fuveau.net\\\/wp-content\\\/uploads\\\/2023\\\/09\\\/logo-1.jpg\",\"contentUrl\":\"https:\\\/\\\/fuveau.net\\\/wp-content\\\/uploads\\\/2023\\\/09\\\/logo-1.jpg\",\"width\":815,\"height\":415,\"caption\":\"Petites et grandes Histoires de Fuveau\"},\"image\":{\"@id\":\"https:\\\/\\\/fuveau.net\\\/#\\\/schema\\\/logo\\\/image\\\/\"}},{\"@type\":\"Person\",\"@id\":\"https:\\\/\\\/fuveau.net\\\/#\\\/schema\\\/person\\\/2334ed46226babe19f16b8c36a23e39d\",\"name\":\"Jean-Fran\u00e7ois ROUBAUD\",\"image\":{\"@type\":\"ImageObject\",\"inLanguage\":\"fr-FR\",\"@id\":\"https:\\\/\\\/secure.gravatar.com\\\/avatar\\\/7aefd90c55045efd1b1d8cf411892125747ae3aa6b0cfd7ad6e61ec5450f6987?s=96&d=mm&r=g\",\"url\":\"https:\\\/\\\/secure.gravatar.com\\\/avatar\\\/7aefd90c55045efd1b1d8cf411892125747ae3aa6b0cfd7ad6e61ec5450f6987?s=96&d=mm&r=g\",\"contentUrl\":\"https:\\\/\\\/secure.gravatar.com\\\/avatar\\\/7aefd90c55045efd1b1d8cf411892125747ae3aa6b0cfd7ad6e61ec5450f6987?s=96&d=mm&r=g\",\"caption\":\"Jean-Fran\u00e7ois ROUBAUD\"},\"url\":\"https:\\\/\\\/fuveau.net\\\/index.php\\\/author\\\/jfber\\\/\"}]}<\/script>\n<!-- \/ Yoast SEO plugin. -->","yoast_head_json":{"title":"Hauteur de gare (septembre 2014) - Petites et grandes Histoires de Fuveau","robots":{"index":"index","follow":"follow","max-snippet":"max-snippet:-1","max-image-preview":"max-image-preview:large","max-video-preview":"max-video-preview:-1"},"canonical":"https:\/\/fuveau.net\/index.php\/2023\/09\/03\/hauteur-de-gare-septembre-2014\/","og_locale":"fr_FR","og_type":"article","og_title":"Hauteur de gare (septembre 2014) - Petites et grandes Histoires de Fuveau","og_description":"Cette photo n&rsquo;a certainement aucune valeur artistique ni technique mais tr\u00e8s vraisemblablement un int\u00e9r\u00eat patrimonial. Eh oui ! Apr\u00e8s la r\u00e9cente inauguration de la table d&rsquo;orientation dans le virage de la rue Rondet o\u00f9 la hauteur (au-dessus du niveau de la mer) est donn\u00e9e \u00e0 juste titre \u00e0 301 m\u00e8tres, il nous a paru int\u00e9ressant [&hellip;]","og_url":"https:\/\/fuveau.net\/index.php\/2023\/09\/03\/hauteur-de-gare-septembre-2014\/","og_site_name":"Petites et grandes Histoires de Fuveau","article_published_time":"2023-09-03T16:52:18+00:00","article_modified_time":"2023-11-12T14:59:28+00:00","og_image":[{"url":"https:\/\/fuveau.net\/wp-content\/uploads\/2023\/10\/hauteur-ancienne-gare.jpg","type":"","width":"","height":""}],"author":"Jean-Fran\u00e7ois ROUBAUD","twitter_card":"summary_large_image","twitter_misc":{"\u00c9crit par":"Jean-Fran\u00e7ois ROUBAUD","Dur\u00e9e de lecture estim\u00e9e":"1 minute"},"schema":{"@context":"https:\/\/schema.org","@graph":[{"@type":"Article","@id":"https:\/\/fuveau.net\/index.php\/2023\/09\/03\/hauteur-de-gare-septembre-2014\/#article","isPartOf":{"@id":"https:\/\/fuveau.net\/index.php\/2023\/09\/03\/hauteur-de-gare-septembre-2014\/"},"author":{"name":"Jean-Fran\u00e7ois ROUBAUD","@id":"https:\/\/fuveau.net\/#\/schema\/person\/2334ed46226babe19f16b8c36a23e39d"},"headline":"Hauteur de gare (septembre 2014)","datePublished":"2023-09-03T16:52:18+00:00","dateModified":"2023-11-12T14:59:28+00:00","mainEntityOfPage":{"@id":"https:\/\/fuveau.net\/index.php\/2023\/09\/03\/hauteur-de-gare-septembre-2014\/"},"wordCount":185,"commentCount":0,"publisher":{"@id":"https:\/\/fuveau.net\/#organization"},"image":{"@id":"https:\/\/fuveau.net\/index.php\/2023\/09\/03\/hauteur-de-gare-septembre-2014\/#primaryimage"},"thumbnailUrl":"https:\/\/fuveau.net\/wp-content\/uploads\/2023\/10\/hauteur-ancienne-gare.jpg","articleSection":["Anecdotes"],"inLanguage":"fr-FR","potentialAction":[{"@type":"CommentAction","name":"Comment","target":["https:\/\/fuveau.net\/index.php\/2023\/09\/03\/hauteur-de-gare-septembre-2014\/#respond"]}]},{"@type":"WebPage","@id":"https:\/\/fuveau.net\/index.php\/2023\/09\/03\/hauteur-de-gare-septembre-2014\/","url":"https:\/\/fuveau.net\/index.php\/2023\/09\/03\/hauteur-de-gare-septembre-2014\/","name":"Hauteur de gare (septembre 2014) - Petites et grandes Histoires de Fuveau","isPartOf":{"@id":"https:\/\/fuveau.net\/#website"},"primaryImageOfPage":{"@id":"https:\/\/fuveau.net\/index.php\/2023\/09\/03\/hauteur-de-gare-septembre-2014\/#primaryimage"},"image":{"@id":"https:\/\/fuveau.net\/index.php\/2023\/09\/03\/hauteur-de-gare-septembre-2014\/#primaryimage"},"thumbnailUrl":"https:\/\/fuveau.net\/wp-content\/uploads\/2023\/10\/hauteur-ancienne-gare.jpg","datePublished":"2023-09-03T16:52:18+00:00","dateModified":"2023-11-12T14:59:28+00:00","breadcrumb":{"@id":"https:\/\/fuveau.net\/index.php\/2023\/09\/03\/hauteur-de-gare-septembre-2014\/#breadcrumb"},"inLanguage":"fr-FR","potentialAction":[{"@type":"ReadAction","target":["https:\/\/fuveau.net\/index.php\/2023\/09\/03\/hauteur-de-gare-septembre-2014\/"]}]},{"@type":"ImageObject","inLanguage":"fr-FR","@id":"https:\/\/fuveau.net\/index.php\/2023\/09\/03\/hauteur-de-gare-septembre-2014\/#primaryimage","url":"https:\/\/fuveau.net\/wp-content\/uploads\/2023\/10\/hauteur-ancienne-gare.jpg","contentUrl":"https:\/\/fuveau.net\/wp-content\/uploads\/2023\/10\/hauteur-ancienne-gare.jpg","width":800,"height":600},{"@type":"BreadcrumbList","@id":"https:\/\/fuveau.net\/index.php\/2023\/09\/03\/hauteur-de-gare-septembre-2014\/#breadcrumb","itemListElement":[{"@type":"ListItem","position":1,"name":"Accueil","item":"https:\/\/fuveau.net\/"},{"@type":"ListItem","position":2,"name":"Lieux","item":"https:\/\/fuveau.net\/index.php\/lieux\/"},{"@type":"ListItem","position":3,"name":"Hauteur de gare (septembre 2014)"}]},{"@type":"WebSite","@id":"https:\/\/fuveau.net\/#website","url":"https:\/\/fuveau.net\/","name":"Petites et grandes Histoires de Fuveau","description":"Site patrimonial de l&#039;histoire de Fuveau","publisher":{"@id":"https:\/\/fuveau.net\/#organization"},"potentialAction":[{"@type":"SearchAction","target":{"@type":"EntryPoint","urlTemplate":"https:\/\/fuveau.net\/?s={search_term_string}"},"query-input":{"@type":"PropertyValueSpecification","valueRequired":true,"valueName":"search_term_string"}}],"inLanguage":"fr-FR"},{"@type":"Organization","@id":"https:\/\/fuveau.net\/#organization","name":"Petites et grandes Histoires de Fuveau","url":"https:\/\/fuveau.net\/","logo":{"@type":"ImageObject","inLanguage":"fr-FR","@id":"https:\/\/fuveau.net\/#\/schema\/logo\/image\/","url":"https:\/\/fuveau.net\/wp-content\/uploads\/2023\/09\/logo-1.jpg","contentUrl":"https:\/\/fuveau.net\/wp-content\/uploads\/2023\/09\/logo-1.jpg","width":815,"height":415,"caption":"Petites et grandes Histoires de Fuveau"},"image":{"@id":"https:\/\/fuveau.net\/#\/schema\/logo\/image\/"}},{"@type":"Person","@id":"https:\/\/fuveau.net\/#\/schema\/person\/2334ed46226babe19f16b8c36a23e39d","name":"Jean-Fran\u00e7ois ROUBAUD","image":{"@type":"ImageObject","inLanguage":"fr-FR","@id":"https:\/\/secure.gravatar.com\/avatar\/7aefd90c55045efd1b1d8cf411892125747ae3aa6b0cfd7ad6e61ec5450f6987?s=96&d=mm&r=g","url":"https:\/\/secure.gravatar.com\/avatar\/7aefd90c55045efd1b1d8cf411892125747ae3aa6b0cfd7ad6e61ec5450f6987?s=96&d=mm&r=g","contentUrl":"https:\/\/secure.gravatar.com\/avatar\/7aefd90c55045efd1b1d8cf411892125747ae3aa6b0cfd7ad6e61ec5450f6987?s=96&d=mm&r=g","caption":"Jean-Fran\u00e7ois ROUBAUD"},"url":"https:\/\/fuveau.net\/index.php\/author\/jfber\/"}]}},"uagb_featured_image_src":{"full":false,"thumbnail":false,"medium":false,"medium_large":false,"large":false,"1536x1536":false,"2048x2048":false,"post-image":false},"uagb_author_info":{"display_name":"Jean-Fran\u00e7ois ROUBAUD","author_link":"https:\/\/fuveau.net\/index.php\/author\/jfber\/"},"uagb_comment_info":0,"uagb_excerpt":"Cette photo n&rsquo;a certainement aucune valeur artistique ni technique mais tr\u00e8s vraisemblablement un int\u00e9r\u00eat patrimonial. Eh oui ! Apr\u00e8s la r\u00e9cente inauguration de la table d&rsquo;orientation dans le virage de la rue Rondet o\u00f9 la hauteur (au-dessus du niveau de la mer) est donn\u00e9e \u00e0 juste titre \u00e0 301 m\u00e8tres, il nous a paru int\u00e9ressant\u2026","_links":{"self":[{"href":"https:\/\/fuveau.net\/index.php\/wp-json\/wp\/v2\/posts\/297","targetHints":{"allow":["GET"]}}],"collection":[{"href":"https:\/\/fuveau.net\/index.php\/wp-json\/wp\/v2\/posts"}],"about":[{"href":"https:\/\/fuveau.net\/index.php\/wp-json\/wp\/v2\/types\/post"}],"author":[{"embeddable":true,"href":"https:\/\/fuveau.net\/index.php\/wp-json\/wp\/v2\/users\/3"}],"replies":[{"embeddable":true,"href":"https:\/\/fuveau.net\/index.php\/wp-json\/wp\/v2\/comments?post=297"}],"version-history":[{"count":2,"href":"https:\/\/fuveau.net\/index.php\/wp-json\/wp\/v2\/posts\/297\/revisions"}],"predecessor-version":[{"id":2479,"href":"https:\/\/fuveau.net\/index.php\/wp-json\/wp\/v2\/posts\/297\/revisions\/2479"}],"wp:attachment":[{"href":"https:\/\/fuveau.net\/index.php\/wp-json\/wp\/v2\/media?parent=297"}],"wp:term":[{"taxonomy":"category","embeddable":true,"href":"https:\/\/fuveau.net\/index.php\/wp-json\/wp\/v2\/categories?post=297"},{"taxonomy":"post_tag","embeddable":true,"href":"https:\/\/fuveau.net\/index.php\/wp-json\/wp\/v2\/tags?post=297"}],"curies":[{"name":"wp","href":"https:\/\/api.w.org\/{rel}","templated":true}]}}