{"id":2969,"date":"2023-10-25T15:49:39","date_gmt":"2023-10-25T13:49:39","guid":{"rendered":"https:\/\/fuveau.net\/?p=2969"},"modified":"2023-11-28T11:32:17","modified_gmt":"2023-11-28T10:32:17","slug":"chemin-de-la-falade","status":"publish","type":"post","link":"https:\/\/fuveau.net\/index.php\/2023\/10\/25\/chemin-de-la-falade\/","title":{"rendered":"Chemin de la Falade"},"content":{"rendered":"<div class=\"wp-block-image\">\n<figure class=\"aligncenter size-full\"><img loading=\"lazy\" decoding=\"async\" width=\"500\" height=\"375\" src=\"https:\/\/fuveau.net\/wp-content\/uploads\/2023\/10\/falade-1.jpg\" alt=\"\" class=\"wp-image-2970\" srcset=\"https:\/\/fuveau.net\/wp-content\/uploads\/2023\/10\/falade-1.jpg 500w, https:\/\/fuveau.net\/wp-content\/uploads\/2023\/10\/falade-1-300x225.jpg 300w\" sizes=\"auto, (max-width: 500px) 100vw, 500px\" \/><\/figure>\n<\/div>\n\n\n<p><strong>Prenez la route de Belcod\u00e8ne, vous rencontrerez toujours le\u00a0chemin de la Foux\u00a0et sur celui-ci, une voie sans issue qui s&rsquo;enfonce assez loin dans la colline : le chemin de la Falade.<br>Voici l&rsquo;explication du nom donn\u00e9 \u00e0 ce chemin qui nous a paru la plus vraisemblable.<br>Dans ce quartier de colline o\u00f9 les constructions \u00e9taient bien rares vivait une femme qui avait plus ou moins perdu la raison, il n&rsquo;en fallait pas plus pour que cette voie devienne un jour le chemin de la Fadade, f\u00e9minin imaginaire de Fada selon la d\u00e9finition que la tradition donne de fa\u00e7on erronn\u00e9e \u00e0 ce mot. On a\u00a0 t\u00f4t fait de demander un changement d&rsquo;appellation et de faire transformer la Fadade en Falade ! Erreur qui appelle force commentaires.<br>Avant tout il est bon de pr\u00e9ciser que la totalit\u00e9 des dictionnaires de langue fran\u00e7aise, s&rsquo;ils connaissent le mot fada, ignorent tous son f\u00e9minin fadade. D&rsquo;autre part, ce mot, lorsqu&rsquo;on en connait l&rsquo;origine et l&rsquo;\u00e9tymologie est l&rsquo;un des plus beau de la langue proven\u00e7ale et partant, de la langue fran\u00e7aise. Un fada, c&rsquo;est un \u00eatre qui a quelque chose de sup\u00e9rieur, un \u00eatre habit\u00e9 par les f\u00e9es, une f\u00e9e, fado en proven\u00e7al, peut habiter tout \u00eatre qui devient fada. Pourquoi avoir pris ombrage d&rsquo;habiter chemin de la fadade et pr\u00e9f\u00e9rer \u00e0 ce nom un mot qui n&rsquo;a aucun sens ?<\/strong><\/p>\n","protected":false},"excerpt":{"rendered":"<p>Prenez la route de Belcod\u00e8ne, vous rencontrerez toujours le\u00a0chemin de la Foux\u00a0et sur celui-ci, une voie sans issue qui s&rsquo;enfonce assez loin dans la colline : le chemin de la Falade.Voici l&rsquo;explication du nom donn\u00e9 \u00e0 ce chemin qui nous a paru la plus vraisemblable.Dans ce quartier de colline o\u00f9 les constructions \u00e9taient bien rares [&hellip;]<\/p>\n","protected":false},"author":3,"featured_media":0,"comment_status":"closed","ping_status":"closed","sticky":false,"template":"","format":"standard","meta":{"_uag_custom_page_level_css":"","iawp_total_views":4,"footnotes":""},"categories":[7],"tags":[],"class_list":["post-2969","post","type-post","status-publish","format-standard","hentry","category-pourquoi-ma-rue","post-preview"],"yoast_head":"<!-- This site is optimized with the Yoast SEO plugin v27.4 - https:\/\/yoast.com\/product\/yoast-seo-wordpress\/ -->\n<title>Chemin de la Falade - Petites et grandes Histoires de Fuveau<\/title>\n<meta name=\"robots\" content=\"index, follow, max-snippet:-1, max-image-preview:large, max-video-preview:-1\" \/>\n<link rel=\"canonical\" href=\"https:\/\/fuveau.net\/index.php\/2023\/10\/25\/chemin-de-la-falade\/\" \/>\n<meta property=\"og:locale\" content=\"fr_FR\" \/>\n<meta property=\"og:type\" content=\"article\" \/>\n<meta property=\"og:title\" content=\"Chemin de la Falade - Petites et grandes Histoires de Fuveau\" \/>\n<meta property=\"og:description\" content=\"Prenez la route de Belcod\u00e8ne, vous rencontrerez toujours le\u00a0chemin de la Foux\u00a0et sur celui-ci, une voie sans issue qui s&rsquo;enfonce assez loin dans la colline : le chemin de la Falade.Voici l&rsquo;explication du nom donn\u00e9 \u00e0 ce chemin qui nous a paru la plus vraisemblable.Dans ce quartier de colline o\u00f9 les constructions \u00e9taient bien rares [&hellip;]\" \/>\n<meta property=\"og:url\" content=\"https:\/\/fuveau.net\/index.php\/2023\/10\/25\/chemin-de-la-falade\/\" \/>\n<meta property=\"og:site_name\" content=\"Petites et grandes Histoires de Fuveau\" \/>\n<meta property=\"article:published_time\" content=\"2023-10-25T13:49:39+00:00\" \/>\n<meta property=\"article:modified_time\" content=\"2023-11-28T10:32:17+00:00\" \/>\n<meta property=\"og:image\" content=\"https:\/\/fuveau.net\/wp-content\/uploads\/2023\/10\/falade-1.jpg\" \/>\n<meta name=\"author\" content=\"Jean-Fran\u00e7ois ROUBAUD\" \/>\n<meta name=\"twitter:card\" content=\"summary_large_image\" \/>\n<meta name=\"twitter:label1\" content=\"\u00c9crit par\" \/>\n\t<meta name=\"twitter:data1\" content=\"Jean-Fran\u00e7ois ROUBAUD\" \/>\n\t<meta name=\"twitter:label2\" content=\"Dur\u00e9e de lecture estim\u00e9e\" \/>\n\t<meta name=\"twitter:data2\" content=\"2 minutes\" \/>\n<script type=\"application\/ld+json\" class=\"yoast-schema-graph\">{\"@context\":\"https:\\\/\\\/schema.org\",\"@graph\":[{\"@type\":\"Article\",\"@id\":\"https:\\\/\\\/fuveau.net\\\/index.php\\\/2023\\\/10\\\/25\\\/chemin-de-la-falade\\\/#article\",\"isPartOf\":{\"@id\":\"https:\\\/\\\/fuveau.net\\\/index.php\\\/2023\\\/10\\\/25\\\/chemin-de-la-falade\\\/\"},\"author\":{\"name\":\"Jean-Fran\u00e7ois ROUBAUD\",\"@id\":\"https:\\\/\\\/fuveau.net\\\/#\\\/schema\\\/person\\\/2334ed46226babe19f16b8c36a23e39d\"},\"headline\":\"Chemin de la Falade\",\"datePublished\":\"2023-10-25T13:49:39+00:00\",\"dateModified\":\"2023-11-28T10:32:17+00:00\",\"mainEntityOfPage\":{\"@id\":\"https:\\\/\\\/fuveau.net\\\/index.php\\\/2023\\\/10\\\/25\\\/chemin-de-la-falade\\\/\"},\"wordCount\":255,\"publisher\":{\"@id\":\"https:\\\/\\\/fuveau.net\\\/#organization\"},\"image\":{\"@id\":\"https:\\\/\\\/fuveau.net\\\/index.php\\\/2023\\\/10\\\/25\\\/chemin-de-la-falade\\\/#primaryimage\"},\"thumbnailUrl\":\"https:\\\/\\\/fuveau.net\\\/wp-content\\\/uploads\\\/2023\\\/10\\\/falade-1.jpg\",\"articleSection\":[\"Pourquoi ma rue\"],\"inLanguage\":\"fr-FR\"},{\"@type\":\"WebPage\",\"@id\":\"https:\\\/\\\/fuveau.net\\\/index.php\\\/2023\\\/10\\\/25\\\/chemin-de-la-falade\\\/\",\"url\":\"https:\\\/\\\/fuveau.net\\\/index.php\\\/2023\\\/10\\\/25\\\/chemin-de-la-falade\\\/\",\"name\":\"Chemin de la Falade - Petites et grandes Histoires de Fuveau\",\"isPartOf\":{\"@id\":\"https:\\\/\\\/fuveau.net\\\/#website\"},\"primaryImageOfPage\":{\"@id\":\"https:\\\/\\\/fuveau.net\\\/index.php\\\/2023\\\/10\\\/25\\\/chemin-de-la-falade\\\/#primaryimage\"},\"image\":{\"@id\":\"https:\\\/\\\/fuveau.net\\\/index.php\\\/2023\\\/10\\\/25\\\/chemin-de-la-falade\\\/#primaryimage\"},\"thumbnailUrl\":\"https:\\\/\\\/fuveau.net\\\/wp-content\\\/uploads\\\/2023\\\/10\\\/falade-1.jpg\",\"datePublished\":\"2023-10-25T13:49:39+00:00\",\"dateModified\":\"2023-11-28T10:32:17+00:00\",\"breadcrumb\":{\"@id\":\"https:\\\/\\\/fuveau.net\\\/index.php\\\/2023\\\/10\\\/25\\\/chemin-de-la-falade\\\/#breadcrumb\"},\"inLanguage\":\"fr-FR\",\"potentialAction\":[{\"@type\":\"ReadAction\",\"target\":[\"https:\\\/\\\/fuveau.net\\\/index.php\\\/2023\\\/10\\\/25\\\/chemin-de-la-falade\\\/\"]}]},{\"@type\":\"ImageObject\",\"inLanguage\":\"fr-FR\",\"@id\":\"https:\\\/\\\/fuveau.net\\\/index.php\\\/2023\\\/10\\\/25\\\/chemin-de-la-falade\\\/#primaryimage\",\"url\":\"https:\\\/\\\/fuveau.net\\\/wp-content\\\/uploads\\\/2023\\\/10\\\/falade-1.jpg\",\"contentUrl\":\"https:\\\/\\\/fuveau.net\\\/wp-content\\\/uploads\\\/2023\\\/10\\\/falade-1.jpg\",\"width\":500,\"height\":375},{\"@type\":\"BreadcrumbList\",\"@id\":\"https:\\\/\\\/fuveau.net\\\/index.php\\\/2023\\\/10\\\/25\\\/chemin-de-la-falade\\\/#breadcrumb\",\"itemListElement\":[{\"@type\":\"ListItem\",\"position\":1,\"name\":\"Accueil\",\"item\":\"https:\\\/\\\/fuveau.net\\\/\"},{\"@type\":\"ListItem\",\"position\":2,\"name\":\"Chemin de la Falade\"}]},{\"@type\":\"WebSite\",\"@id\":\"https:\\\/\\\/fuveau.net\\\/#website\",\"url\":\"https:\\\/\\\/fuveau.net\\\/\",\"name\":\"Petites et grandes Histoires de Fuveau\",\"description\":\"Site patrimonial de l&#039;histoire de Fuveau\",\"publisher\":{\"@id\":\"https:\\\/\\\/fuveau.net\\\/#organization\"},\"potentialAction\":[{\"@type\":\"SearchAction\",\"target\":{\"@type\":\"EntryPoint\",\"urlTemplate\":\"https:\\\/\\\/fuveau.net\\\/?s={search_term_string}\"},\"query-input\":{\"@type\":\"PropertyValueSpecification\",\"valueRequired\":true,\"valueName\":\"search_term_string\"}}],\"inLanguage\":\"fr-FR\"},{\"@type\":\"Organization\",\"@id\":\"https:\\\/\\\/fuveau.net\\\/#organization\",\"name\":\"Petites et grandes Histoires de Fuveau\",\"url\":\"https:\\\/\\\/fuveau.net\\\/\",\"logo\":{\"@type\":\"ImageObject\",\"inLanguage\":\"fr-FR\",\"@id\":\"https:\\\/\\\/fuveau.net\\\/#\\\/schema\\\/logo\\\/image\\\/\",\"url\":\"https:\\\/\\\/fuveau.net\\\/wp-content\\\/uploads\\\/2023\\\/09\\\/logo-1.jpg\",\"contentUrl\":\"https:\\\/\\\/fuveau.net\\\/wp-content\\\/uploads\\\/2023\\\/09\\\/logo-1.jpg\",\"width\":815,\"height\":415,\"caption\":\"Petites et grandes Histoires de Fuveau\"},\"image\":{\"@id\":\"https:\\\/\\\/fuveau.net\\\/#\\\/schema\\\/logo\\\/image\\\/\"}},{\"@type\":\"Person\",\"@id\":\"https:\\\/\\\/fuveau.net\\\/#\\\/schema\\\/person\\\/2334ed46226babe19f16b8c36a23e39d\",\"name\":\"Jean-Fran\u00e7ois ROUBAUD\",\"image\":{\"@type\":\"ImageObject\",\"inLanguage\":\"fr-FR\",\"@id\":\"https:\\\/\\\/secure.gravatar.com\\\/avatar\\\/7aefd90c55045efd1b1d8cf411892125747ae3aa6b0cfd7ad6e61ec5450f6987?s=96&d=mm&r=g\",\"url\":\"https:\\\/\\\/secure.gravatar.com\\\/avatar\\\/7aefd90c55045efd1b1d8cf411892125747ae3aa6b0cfd7ad6e61ec5450f6987?s=96&d=mm&r=g\",\"contentUrl\":\"https:\\\/\\\/secure.gravatar.com\\\/avatar\\\/7aefd90c55045efd1b1d8cf411892125747ae3aa6b0cfd7ad6e61ec5450f6987?s=96&d=mm&r=g\",\"caption\":\"Jean-Fran\u00e7ois ROUBAUD\"},\"url\":\"https:\\\/\\\/fuveau.net\\\/index.php\\\/author\\\/jfber\\\/\"}]}<\/script>\n<!-- \/ Yoast SEO plugin. -->","yoast_head_json":{"title":"Chemin de la Falade - Petites et grandes Histoires de Fuveau","robots":{"index":"index","follow":"follow","max-snippet":"max-snippet:-1","max-image-preview":"max-image-preview:large","max-video-preview":"max-video-preview:-1"},"canonical":"https:\/\/fuveau.net\/index.php\/2023\/10\/25\/chemin-de-la-falade\/","og_locale":"fr_FR","og_type":"article","og_title":"Chemin de la Falade - Petites et grandes Histoires de Fuveau","og_description":"Prenez la route de Belcod\u00e8ne, vous rencontrerez toujours le\u00a0chemin de la Foux\u00a0et sur celui-ci, une voie sans issue qui s&rsquo;enfonce assez loin dans la colline : le chemin de la Falade.Voici l&rsquo;explication du nom donn\u00e9 \u00e0 ce chemin qui nous a paru la plus vraisemblable.Dans ce quartier de colline o\u00f9 les constructions \u00e9taient bien rares [&hellip;]","og_url":"https:\/\/fuveau.net\/index.php\/2023\/10\/25\/chemin-de-la-falade\/","og_site_name":"Petites et grandes Histoires de Fuveau","article_published_time":"2023-10-25T13:49:39+00:00","article_modified_time":"2023-11-28T10:32:17+00:00","og_image":[{"url":"https:\/\/fuveau.net\/wp-content\/uploads\/2023\/10\/falade-1.jpg","type":"","width":"","height":""}],"author":"Jean-Fran\u00e7ois ROUBAUD","twitter_card":"summary_large_image","twitter_misc":{"\u00c9crit par":"Jean-Fran\u00e7ois ROUBAUD","Dur\u00e9e de lecture estim\u00e9e":"2 minutes"},"schema":{"@context":"https:\/\/schema.org","@graph":[{"@type":"Article","@id":"https:\/\/fuveau.net\/index.php\/2023\/10\/25\/chemin-de-la-falade\/#article","isPartOf":{"@id":"https:\/\/fuveau.net\/index.php\/2023\/10\/25\/chemin-de-la-falade\/"},"author":{"name":"Jean-Fran\u00e7ois ROUBAUD","@id":"https:\/\/fuveau.net\/#\/schema\/person\/2334ed46226babe19f16b8c36a23e39d"},"headline":"Chemin de la Falade","datePublished":"2023-10-25T13:49:39+00:00","dateModified":"2023-11-28T10:32:17+00:00","mainEntityOfPage":{"@id":"https:\/\/fuveau.net\/index.php\/2023\/10\/25\/chemin-de-la-falade\/"},"wordCount":255,"publisher":{"@id":"https:\/\/fuveau.net\/#organization"},"image":{"@id":"https:\/\/fuveau.net\/index.php\/2023\/10\/25\/chemin-de-la-falade\/#primaryimage"},"thumbnailUrl":"https:\/\/fuveau.net\/wp-content\/uploads\/2023\/10\/falade-1.jpg","articleSection":["Pourquoi ma rue"],"inLanguage":"fr-FR"},{"@type":"WebPage","@id":"https:\/\/fuveau.net\/index.php\/2023\/10\/25\/chemin-de-la-falade\/","url":"https:\/\/fuveau.net\/index.php\/2023\/10\/25\/chemin-de-la-falade\/","name":"Chemin de la Falade - Petites et grandes Histoires de Fuveau","isPartOf":{"@id":"https:\/\/fuveau.net\/#website"},"primaryImageOfPage":{"@id":"https:\/\/fuveau.net\/index.php\/2023\/10\/25\/chemin-de-la-falade\/#primaryimage"},"image":{"@id":"https:\/\/fuveau.net\/index.php\/2023\/10\/25\/chemin-de-la-falade\/#primaryimage"},"thumbnailUrl":"https:\/\/fuveau.net\/wp-content\/uploads\/2023\/10\/falade-1.jpg","datePublished":"2023-10-25T13:49:39+00:00","dateModified":"2023-11-28T10:32:17+00:00","breadcrumb":{"@id":"https:\/\/fuveau.net\/index.php\/2023\/10\/25\/chemin-de-la-falade\/#breadcrumb"},"inLanguage":"fr-FR","potentialAction":[{"@type":"ReadAction","target":["https:\/\/fuveau.net\/index.php\/2023\/10\/25\/chemin-de-la-falade\/"]}]},{"@type":"ImageObject","inLanguage":"fr-FR","@id":"https:\/\/fuveau.net\/index.php\/2023\/10\/25\/chemin-de-la-falade\/#primaryimage","url":"https:\/\/fuveau.net\/wp-content\/uploads\/2023\/10\/falade-1.jpg","contentUrl":"https:\/\/fuveau.net\/wp-content\/uploads\/2023\/10\/falade-1.jpg","width":500,"height":375},{"@type":"BreadcrumbList","@id":"https:\/\/fuveau.net\/index.php\/2023\/10\/25\/chemin-de-la-falade\/#breadcrumb","itemListElement":[{"@type":"ListItem","position":1,"name":"Accueil","item":"https:\/\/fuveau.net\/"},{"@type":"ListItem","position":2,"name":"Chemin de la Falade"}]},{"@type":"WebSite","@id":"https:\/\/fuveau.net\/#website","url":"https:\/\/fuveau.net\/","name":"Petites et grandes Histoires de Fuveau","description":"Site patrimonial de l&#039;histoire de Fuveau","publisher":{"@id":"https:\/\/fuveau.net\/#organization"},"potentialAction":[{"@type":"SearchAction","target":{"@type":"EntryPoint","urlTemplate":"https:\/\/fuveau.net\/?s={search_term_string}"},"query-input":{"@type":"PropertyValueSpecification","valueRequired":true,"valueName":"search_term_string"}}],"inLanguage":"fr-FR"},{"@type":"Organization","@id":"https:\/\/fuveau.net\/#organization","name":"Petites et grandes Histoires de Fuveau","url":"https:\/\/fuveau.net\/","logo":{"@type":"ImageObject","inLanguage":"fr-FR","@id":"https:\/\/fuveau.net\/#\/schema\/logo\/image\/","url":"https:\/\/fuveau.net\/wp-content\/uploads\/2023\/09\/logo-1.jpg","contentUrl":"https:\/\/fuveau.net\/wp-content\/uploads\/2023\/09\/logo-1.jpg","width":815,"height":415,"caption":"Petites et grandes Histoires de Fuveau"},"image":{"@id":"https:\/\/fuveau.net\/#\/schema\/logo\/image\/"}},{"@type":"Person","@id":"https:\/\/fuveau.net\/#\/schema\/person\/2334ed46226babe19f16b8c36a23e39d","name":"Jean-Fran\u00e7ois ROUBAUD","image":{"@type":"ImageObject","inLanguage":"fr-FR","@id":"https:\/\/secure.gravatar.com\/avatar\/7aefd90c55045efd1b1d8cf411892125747ae3aa6b0cfd7ad6e61ec5450f6987?s=96&d=mm&r=g","url":"https:\/\/secure.gravatar.com\/avatar\/7aefd90c55045efd1b1d8cf411892125747ae3aa6b0cfd7ad6e61ec5450f6987?s=96&d=mm&r=g","contentUrl":"https:\/\/secure.gravatar.com\/avatar\/7aefd90c55045efd1b1d8cf411892125747ae3aa6b0cfd7ad6e61ec5450f6987?s=96&d=mm&r=g","caption":"Jean-Fran\u00e7ois ROUBAUD"},"url":"https:\/\/fuveau.net\/index.php\/author\/jfber\/"}]}},"uagb_featured_image_src":{"full":false,"thumbnail":false,"medium":false,"medium_large":false,"large":false,"1536x1536":false,"2048x2048":false,"post-image":false},"uagb_author_info":{"display_name":"Jean-Fran\u00e7ois ROUBAUD","author_link":"https:\/\/fuveau.net\/index.php\/author\/jfber\/"},"uagb_comment_info":0,"uagb_excerpt":"Prenez la route de Belcod\u00e8ne, vous rencontrerez toujours le\u00a0chemin de la Foux\u00a0et sur celui-ci, une voie sans issue qui s&rsquo;enfonce assez loin dans la colline : le chemin de la Falade.Voici l&rsquo;explication du nom donn\u00e9 \u00e0 ce chemin qui nous a paru la plus vraisemblable.Dans ce quartier de colline o\u00f9 les constructions \u00e9taient bien rares\u2026","_links":{"self":[{"href":"https:\/\/fuveau.net\/index.php\/wp-json\/wp\/v2\/posts\/2969","targetHints":{"allow":["GET"]}}],"collection":[{"href":"https:\/\/fuveau.net\/index.php\/wp-json\/wp\/v2\/posts"}],"about":[{"href":"https:\/\/fuveau.net\/index.php\/wp-json\/wp\/v2\/types\/post"}],"author":[{"embeddable":true,"href":"https:\/\/fuveau.net\/index.php\/wp-json\/wp\/v2\/users\/3"}],"replies":[{"embeddable":true,"href":"https:\/\/fuveau.net\/index.php\/wp-json\/wp\/v2\/comments?post=2969"}],"version-history":[{"count":3,"href":"https:\/\/fuveau.net\/index.php\/wp-json\/wp\/v2\/posts\/2969\/revisions"}],"predecessor-version":[{"id":4045,"href":"https:\/\/fuveau.net\/index.php\/wp-json\/wp\/v2\/posts\/2969\/revisions\/4045"}],"wp:attachment":[{"href":"https:\/\/fuveau.net\/index.php\/wp-json\/wp\/v2\/media?parent=2969"}],"wp:term":[{"taxonomy":"category","embeddable":true,"href":"https:\/\/fuveau.net\/index.php\/wp-json\/wp\/v2\/categories?post=2969"},{"taxonomy":"post_tag","embeddable":true,"href":"https:\/\/fuveau.net\/index.php\/wp-json\/wp\/v2\/tags?post=2969"}],"curies":[{"name":"wp","href":"https:\/\/api.w.org\/{rel}","templated":true}]}}