{"id":2552,"date":"2023-10-14T17:53:43","date_gmt":"2023-10-14T15:53:43","guid":{"rendered":"https:\/\/fuveau.net\/?page_id=2552"},"modified":"2023-11-28T14:55:31","modified_gmt":"2023-11-28T13:55:31","slug":"croix-de-lorraine-et-durili","status":"publish","type":"post","link":"https:\/\/fuveau.net\/index.php\/2023\/10\/14\/croix-de-lorraine-et-durili\/","title":{"rendered":"Croix de Lorraine et Durili"},"content":{"rendered":"\n<p><strong>Ce \u00ab\u00a0graffiti\u00a0\u00bb est d\u00fb \u00e0 un certain Durili Jean-Baptiste Napol\u00e9on, conseiller municipal corse et h\u00e2bleur dans les ann\u00e9es troubles de l&rsquo;occupation. C&rsquo;est aussi un palimpseste ! Les allemands avaient peint une marque de reconnaissance de leur d\u00e9coupage de zone :\u00a0 KN4A sur ce mur au bout de la <a href=\"https:\/\/fuveau.net\/index.php\/2023\/10\/24\/rue-du-4-septembre\/\">rue du\u00a04 septembre<\/a>. Notre DURILI, en forme de vengeance avait pass\u00e9 une couche de peinture rouge sur ce sigle et avait ajout\u00e9 un symbole fort \u00e0 c\u00f4t\u00e9 : la croix de Lorraine. La chimie, l\u00e0 aussi, a fait ressortir plusieurs ann\u00e9es apr\u00e8s, le sigle allemand que DURILI croyait avoir recouvert pour toujours et pourtant, cette peinture \u00e9tait connue pour \u00eatre la plus r\u00e9sistante et de meilleure qualit\u00e9, elle \u00e9tait utilis\u00e9e surtout pour les cuisines.<\/strong><\/p>\n\n\n<div class=\"wp-block-image\">\n<figure class=\"aligncenter size-full\"><img loading=\"lazy\" decoding=\"async\" width=\"640\" height=\"480\" src=\"https:\/\/fuveau.net\/wp-content\/uploads\/2023\/09\/liberationetet4_04-1.jpg\" alt=\"\" class=\"wp-image-1553\" srcset=\"https:\/\/fuveau.net\/wp-content\/uploads\/2023\/09\/liberationetet4_04-1.jpg 640w, https:\/\/fuveau.net\/wp-content\/uploads\/2023\/09\/liberationetet4_04-1-300x225.jpg 300w\" sizes=\"auto, (max-width: 640px) 100vw, 640px\" \/><\/figure>\n<\/div>\n\n<div class=\"wp-block-image\">\n<figure class=\"aligncenter size-full\"><img loading=\"lazy\" decoding=\"async\" width=\"360\" height=\"480\" src=\"https:\/\/fuveau.net\/wp-content\/uploads\/2023\/09\/liberationrue_du_4_sept-1.jpg\" alt=\"\" class=\"wp-image-1554\" srcset=\"https:\/\/fuveau.net\/wp-content\/uploads\/2023\/09\/liberationrue_du_4_sept-1.jpg 360w, https:\/\/fuveau.net\/wp-content\/uploads\/2023\/09\/liberationrue_du_4_sept-1-225x300.jpg 225w\" sizes=\"auto, (max-width: 360px) 100vw, 360px\" \/><\/figure>\n<\/div>\n\n\n<figure class=\"wp-block-image size-large\"><img loading=\"lazy\" decoding=\"async\" width=\"792\" height=\"1024\" src=\"https:\/\/fuveau.net\/wp-content\/uploads\/2023\/09\/durili_edited-1-792x1024.jpg\" alt=\"\" class=\"wp-image-1427\" srcset=\"https:\/\/fuveau.net\/wp-content\/uploads\/2023\/09\/durili_edited-1-792x1024.jpg 792w, https:\/\/fuveau.net\/wp-content\/uploads\/2023\/09\/durili_edited-1-232x300.jpg 232w, https:\/\/fuveau.net\/wp-content\/uploads\/2023\/09\/durili_edited-1-768x992.jpg 768w, https:\/\/fuveau.net\/wp-content\/uploads\/2023\/09\/durili_edited-1-676x873.jpg 676w, https:\/\/fuveau.net\/wp-content\/uploads\/2023\/09\/durili_edited-1.jpg 1020w\" sizes=\"auto, (max-width: 792px) 100vw, 792px\" \/><\/figure>\n\n\n\n<p class=\"has-text-align-center\"><strong>Durili et son \u00e9pouse n\u00e9e Augusta Gr\u00e9goire.<\/strong><\/p>\n\n\n\n<p><strong>Triste fin pour ce \u00ab\u00a0monument\u00a0\u00bb de la m\u00e9moire fuvelaine. Au cours de l&rsquo;automne 2011, le nouveau propri\u00e9taire de l&rsquo;immeuble, dans un but de r\u00e9novation, a d\u00e9cid\u00e9 de cr\u00e9pir toutes les facades dont celle qui arborait cette pr\u00e9cieuse relique et, en une minute, tout a disparu. Mairie, propri\u00e9taire, agents immobiliers, associations peuvent se renvoyer la responsabilit\u00e9, le r\u00e9sultat est l\u00e0. Les journ\u00e9es du patrimoine, si elles perdurent par-del\u00e0 cet incident, seront s\u00e9rieusement amput\u00e9es et, \u00e0 Fuveau, perdront une grande partie de leur charme.<\/strong><\/p>\n","protected":false},"excerpt":{"rendered":"<p>Ce \u00ab\u00a0graffiti\u00a0\u00bb est d\u00fb \u00e0 un certain Durili Jean-Baptiste Napol\u00e9on, conseiller municipal corse et h\u00e2bleur dans les ann\u00e9es troubles de l&rsquo;occupation. C&rsquo;est aussi un palimpseste ! Les allemands avaient peint une marque de reconnaissance de leur d\u00e9coupage de zone :\u00a0 KN4A sur ce mur au bout de la rue du\u00a04 septembre. Notre DURILI, en forme [&hellip;]<\/p>\n","protected":false},"author":3,"featured_media":1554,"comment_status":"closed","ping_status":"closed","sticky":false,"template":"","format":"standard","meta":{"_uag_custom_page_level_css":"","iawp_total_views":26,"footnotes":""},"categories":[6,7],"tags":[],"class_list":["post-2552","post","type-post","status-publish","format-standard","has-post-thumbnail","hentry","category-anecdotes","category-pourquoi-ma-rue","post-preview"],"yoast_head":"<!-- This site is optimized with the Yoast SEO plugin v27.4 - https:\/\/yoast.com\/product\/yoast-seo-wordpress\/ -->\n<title>Croix de Lorraine et Durili - Petites et grandes Histoires de Fuveau<\/title>\n<meta name=\"robots\" content=\"index, follow, max-snippet:-1, max-image-preview:large, max-video-preview:-1\" \/>\n<link rel=\"canonical\" href=\"https:\/\/fuveau.net\/index.php\/2023\/10\/14\/croix-de-lorraine-et-durili\/\" \/>\n<meta property=\"og:locale\" content=\"fr_FR\" \/>\n<meta property=\"og:type\" content=\"article\" \/>\n<meta property=\"og:title\" content=\"Croix de Lorraine et Durili - Petites et grandes Histoires de Fuveau\" \/>\n<meta property=\"og:description\" content=\"Ce \u00ab\u00a0graffiti\u00a0\u00bb est d\u00fb \u00e0 un certain Durili Jean-Baptiste Napol\u00e9on, conseiller municipal corse et h\u00e2bleur dans les ann\u00e9es troubles de l&rsquo;occupation. C&rsquo;est aussi un palimpseste ! Les allemands avaient peint une marque de reconnaissance de leur d\u00e9coupage de zone :\u00a0 KN4A sur ce mur au bout de la rue du\u00a04 septembre. Notre DURILI, en forme [&hellip;]\" \/>\n<meta property=\"og:url\" content=\"https:\/\/fuveau.net\/index.php\/2023\/10\/14\/croix-de-lorraine-et-durili\/\" \/>\n<meta property=\"og:site_name\" content=\"Petites et grandes Histoires de Fuveau\" \/>\n<meta property=\"article:published_time\" content=\"2023-10-14T15:53:43+00:00\" \/>\n<meta property=\"article:modified_time\" content=\"2023-11-28T13:55:31+00:00\" \/>\n<meta property=\"og:image\" content=\"https:\/\/fuveau.net\/wp-content\/uploads\/2023\/09\/liberationrue_du_4_sept-1.jpg\" \/>\n\t<meta property=\"og:image:width\" content=\"360\" \/>\n\t<meta property=\"og:image:height\" content=\"480\" \/>\n\t<meta property=\"og:image:type\" content=\"image\/jpeg\" \/>\n<meta name=\"author\" content=\"Jean-Fran\u00e7ois ROUBAUD\" \/>\n<meta name=\"twitter:card\" content=\"summary_large_image\" \/>\n<meta name=\"twitter:label1\" content=\"\u00c9crit par\" \/>\n\t<meta name=\"twitter:data1\" content=\"Jean-Fran\u00e7ois ROUBAUD\" \/>\n\t<meta name=\"twitter:label2\" content=\"Dur\u00e9e de lecture estim\u00e9e\" \/>\n\t<meta name=\"twitter:data2\" content=\"2 minutes\" \/>\n<script type=\"application\/ld+json\" class=\"yoast-schema-graph\">{\"@context\":\"https:\\\/\\\/schema.org\",\"@graph\":[{\"@type\":\"Article\",\"@id\":\"https:\\\/\\\/fuveau.net\\\/index.php\\\/2023\\\/10\\\/14\\\/croix-de-lorraine-et-durili\\\/#article\",\"isPartOf\":{\"@id\":\"https:\\\/\\\/fuveau.net\\\/index.php\\\/2023\\\/10\\\/14\\\/croix-de-lorraine-et-durili\\\/\"},\"author\":{\"name\":\"Jean-Fran\u00e7ois ROUBAUD\",\"@id\":\"https:\\\/\\\/fuveau.net\\\/#\\\/schema\\\/person\\\/2334ed46226babe19f16b8c36a23e39d\"},\"headline\":\"Croix de Lorraine et Durili\",\"datePublished\":\"2023-10-14T15:53:43+00:00\",\"dateModified\":\"2023-11-28T13:55:31+00:00\",\"mainEntityOfPage\":{\"@id\":\"https:\\\/\\\/fuveau.net\\\/index.php\\\/2023\\\/10\\\/14\\\/croix-de-lorraine-et-durili\\\/\"},\"wordCount\":236,\"publisher\":{\"@id\":\"https:\\\/\\\/fuveau.net\\\/#organization\"},\"image\":{\"@id\":\"https:\\\/\\\/fuveau.net\\\/index.php\\\/2023\\\/10\\\/14\\\/croix-de-lorraine-et-durili\\\/#primaryimage\"},\"thumbnailUrl\":\"https:\\\/\\\/fuveau.net\\\/wp-content\\\/uploads\\\/2023\\\/09\\\/liberationrue_du_4_sept-1.jpg\",\"articleSection\":[\"Anecdotes\",\"Pourquoi ma rue\"],\"inLanguage\":\"fr-FR\"},{\"@type\":\"WebPage\",\"@id\":\"https:\\\/\\\/fuveau.net\\\/index.php\\\/2023\\\/10\\\/14\\\/croix-de-lorraine-et-durili\\\/\",\"url\":\"https:\\\/\\\/fuveau.net\\\/index.php\\\/2023\\\/10\\\/14\\\/croix-de-lorraine-et-durili\\\/\",\"name\":\"Croix de Lorraine et Durili - Petites et grandes Histoires de Fuveau\",\"isPartOf\":{\"@id\":\"https:\\\/\\\/fuveau.net\\\/#website\"},\"primaryImageOfPage\":{\"@id\":\"https:\\\/\\\/fuveau.net\\\/index.php\\\/2023\\\/10\\\/14\\\/croix-de-lorraine-et-durili\\\/#primaryimage\"},\"image\":{\"@id\":\"https:\\\/\\\/fuveau.net\\\/index.php\\\/2023\\\/10\\\/14\\\/croix-de-lorraine-et-durili\\\/#primaryimage\"},\"thumbnailUrl\":\"https:\\\/\\\/fuveau.net\\\/wp-content\\\/uploads\\\/2023\\\/09\\\/liberationrue_du_4_sept-1.jpg\",\"datePublished\":\"2023-10-14T15:53:43+00:00\",\"dateModified\":\"2023-11-28T13:55:31+00:00\",\"breadcrumb\":{\"@id\":\"https:\\\/\\\/fuveau.net\\\/index.php\\\/2023\\\/10\\\/14\\\/croix-de-lorraine-et-durili\\\/#breadcrumb\"},\"inLanguage\":\"fr-FR\",\"potentialAction\":[{\"@type\":\"ReadAction\",\"target\":[\"https:\\\/\\\/fuveau.net\\\/index.php\\\/2023\\\/10\\\/14\\\/croix-de-lorraine-et-durili\\\/\"]}]},{\"@type\":\"ImageObject\",\"inLanguage\":\"fr-FR\",\"@id\":\"https:\\\/\\\/fuveau.net\\\/index.php\\\/2023\\\/10\\\/14\\\/croix-de-lorraine-et-durili\\\/#primaryimage\",\"url\":\"https:\\\/\\\/fuveau.net\\\/wp-content\\\/uploads\\\/2023\\\/09\\\/liberationrue_du_4_sept-1.jpg\",\"contentUrl\":\"https:\\\/\\\/fuveau.net\\\/wp-content\\\/uploads\\\/2023\\\/09\\\/liberationrue_du_4_sept-1.jpg\",\"width\":360,\"height\":480},{\"@type\":\"BreadcrumbList\",\"@id\":\"https:\\\/\\\/fuveau.net\\\/index.php\\\/2023\\\/10\\\/14\\\/croix-de-lorraine-et-durili\\\/#breadcrumb\",\"itemListElement\":[{\"@type\":\"ListItem\",\"position\":1,\"name\":\"Accueil\",\"item\":\"https:\\\/\\\/fuveau.net\\\/\"},{\"@type\":\"ListItem\",\"position\":2,\"name\":\"Lieux\",\"item\":\"https:\\\/\\\/fuveau.net\\\/index.php\\\/lieux\\\/\"},{\"@type\":\"ListItem\",\"position\":3,\"name\":\"Croix de Lorraine et Durili\"}]},{\"@type\":\"WebSite\",\"@id\":\"https:\\\/\\\/fuveau.net\\\/#website\",\"url\":\"https:\\\/\\\/fuveau.net\\\/\",\"name\":\"Petites et grandes Histoires de Fuveau\",\"description\":\"Site patrimonial de l&#039;histoire de Fuveau\",\"publisher\":{\"@id\":\"https:\\\/\\\/fuveau.net\\\/#organization\"},\"potentialAction\":[{\"@type\":\"SearchAction\",\"target\":{\"@type\":\"EntryPoint\",\"urlTemplate\":\"https:\\\/\\\/fuveau.net\\\/?s={search_term_string}\"},\"query-input\":{\"@type\":\"PropertyValueSpecification\",\"valueRequired\":true,\"valueName\":\"search_term_string\"}}],\"inLanguage\":\"fr-FR\"},{\"@type\":\"Organization\",\"@id\":\"https:\\\/\\\/fuveau.net\\\/#organization\",\"name\":\"Petites et grandes Histoires de Fuveau\",\"url\":\"https:\\\/\\\/fuveau.net\\\/\",\"logo\":{\"@type\":\"ImageObject\",\"inLanguage\":\"fr-FR\",\"@id\":\"https:\\\/\\\/fuveau.net\\\/#\\\/schema\\\/logo\\\/image\\\/\",\"url\":\"https:\\\/\\\/fuveau.net\\\/wp-content\\\/uploads\\\/2023\\\/09\\\/logo-1.jpg\",\"contentUrl\":\"https:\\\/\\\/fuveau.net\\\/wp-content\\\/uploads\\\/2023\\\/09\\\/logo-1.jpg\",\"width\":815,\"height\":415,\"caption\":\"Petites et grandes Histoires de Fuveau\"},\"image\":{\"@id\":\"https:\\\/\\\/fuveau.net\\\/#\\\/schema\\\/logo\\\/image\\\/\"}},{\"@type\":\"Person\",\"@id\":\"https:\\\/\\\/fuveau.net\\\/#\\\/schema\\\/person\\\/2334ed46226babe19f16b8c36a23e39d\",\"name\":\"Jean-Fran\u00e7ois ROUBAUD\",\"image\":{\"@type\":\"ImageObject\",\"inLanguage\":\"fr-FR\",\"@id\":\"https:\\\/\\\/secure.gravatar.com\\\/avatar\\\/7aefd90c55045efd1b1d8cf411892125747ae3aa6b0cfd7ad6e61ec5450f6987?s=96&d=mm&r=g\",\"url\":\"https:\\\/\\\/secure.gravatar.com\\\/avatar\\\/7aefd90c55045efd1b1d8cf411892125747ae3aa6b0cfd7ad6e61ec5450f6987?s=96&d=mm&r=g\",\"contentUrl\":\"https:\\\/\\\/secure.gravatar.com\\\/avatar\\\/7aefd90c55045efd1b1d8cf411892125747ae3aa6b0cfd7ad6e61ec5450f6987?s=96&d=mm&r=g\",\"caption\":\"Jean-Fran\u00e7ois ROUBAUD\"},\"url\":\"https:\\\/\\\/fuveau.net\\\/index.php\\\/author\\\/jfber\\\/\"}]}<\/script>\n<!-- \/ Yoast SEO plugin. -->","yoast_head_json":{"title":"Croix de Lorraine et Durili - Petites et grandes Histoires de Fuveau","robots":{"index":"index","follow":"follow","max-snippet":"max-snippet:-1","max-image-preview":"max-image-preview:large","max-video-preview":"max-video-preview:-1"},"canonical":"https:\/\/fuveau.net\/index.php\/2023\/10\/14\/croix-de-lorraine-et-durili\/","og_locale":"fr_FR","og_type":"article","og_title":"Croix de Lorraine et Durili - Petites et grandes Histoires de Fuveau","og_description":"Ce \u00ab\u00a0graffiti\u00a0\u00bb est d\u00fb \u00e0 un certain Durili Jean-Baptiste Napol\u00e9on, conseiller municipal corse et h\u00e2bleur dans les ann\u00e9es troubles de l&rsquo;occupation. C&rsquo;est aussi un palimpseste ! Les allemands avaient peint une marque de reconnaissance de leur d\u00e9coupage de zone :\u00a0 KN4A sur ce mur au bout de la rue du\u00a04 septembre. Notre DURILI, en forme [&hellip;]","og_url":"https:\/\/fuveau.net\/index.php\/2023\/10\/14\/croix-de-lorraine-et-durili\/","og_site_name":"Petites et grandes Histoires de Fuveau","article_published_time":"2023-10-14T15:53:43+00:00","article_modified_time":"2023-11-28T13:55:31+00:00","og_image":[{"width":360,"height":480,"url":"https:\/\/fuveau.net\/wp-content\/uploads\/2023\/09\/liberationrue_du_4_sept-1.jpg","type":"image\/jpeg"}],"author":"Jean-Fran\u00e7ois ROUBAUD","twitter_card":"summary_large_image","twitter_misc":{"\u00c9crit par":"Jean-Fran\u00e7ois ROUBAUD","Dur\u00e9e de lecture estim\u00e9e":"2 minutes"},"schema":{"@context":"https:\/\/schema.org","@graph":[{"@type":"Article","@id":"https:\/\/fuveau.net\/index.php\/2023\/10\/14\/croix-de-lorraine-et-durili\/#article","isPartOf":{"@id":"https:\/\/fuveau.net\/index.php\/2023\/10\/14\/croix-de-lorraine-et-durili\/"},"author":{"name":"Jean-Fran\u00e7ois ROUBAUD","@id":"https:\/\/fuveau.net\/#\/schema\/person\/2334ed46226babe19f16b8c36a23e39d"},"headline":"Croix de Lorraine et Durili","datePublished":"2023-10-14T15:53:43+00:00","dateModified":"2023-11-28T13:55:31+00:00","mainEntityOfPage":{"@id":"https:\/\/fuveau.net\/index.php\/2023\/10\/14\/croix-de-lorraine-et-durili\/"},"wordCount":236,"publisher":{"@id":"https:\/\/fuveau.net\/#organization"},"image":{"@id":"https:\/\/fuveau.net\/index.php\/2023\/10\/14\/croix-de-lorraine-et-durili\/#primaryimage"},"thumbnailUrl":"https:\/\/fuveau.net\/wp-content\/uploads\/2023\/09\/liberationrue_du_4_sept-1.jpg","articleSection":["Anecdotes","Pourquoi ma rue"],"inLanguage":"fr-FR"},{"@type":"WebPage","@id":"https:\/\/fuveau.net\/index.php\/2023\/10\/14\/croix-de-lorraine-et-durili\/","url":"https:\/\/fuveau.net\/index.php\/2023\/10\/14\/croix-de-lorraine-et-durili\/","name":"Croix de Lorraine et Durili - Petites et grandes Histoires de Fuveau","isPartOf":{"@id":"https:\/\/fuveau.net\/#website"},"primaryImageOfPage":{"@id":"https:\/\/fuveau.net\/index.php\/2023\/10\/14\/croix-de-lorraine-et-durili\/#primaryimage"},"image":{"@id":"https:\/\/fuveau.net\/index.php\/2023\/10\/14\/croix-de-lorraine-et-durili\/#primaryimage"},"thumbnailUrl":"https:\/\/fuveau.net\/wp-content\/uploads\/2023\/09\/liberationrue_du_4_sept-1.jpg","datePublished":"2023-10-14T15:53:43+00:00","dateModified":"2023-11-28T13:55:31+00:00","breadcrumb":{"@id":"https:\/\/fuveau.net\/index.php\/2023\/10\/14\/croix-de-lorraine-et-durili\/#breadcrumb"},"inLanguage":"fr-FR","potentialAction":[{"@type":"ReadAction","target":["https:\/\/fuveau.net\/index.php\/2023\/10\/14\/croix-de-lorraine-et-durili\/"]}]},{"@type":"ImageObject","inLanguage":"fr-FR","@id":"https:\/\/fuveau.net\/index.php\/2023\/10\/14\/croix-de-lorraine-et-durili\/#primaryimage","url":"https:\/\/fuveau.net\/wp-content\/uploads\/2023\/09\/liberationrue_du_4_sept-1.jpg","contentUrl":"https:\/\/fuveau.net\/wp-content\/uploads\/2023\/09\/liberationrue_du_4_sept-1.jpg","width":360,"height":480},{"@type":"BreadcrumbList","@id":"https:\/\/fuveau.net\/index.php\/2023\/10\/14\/croix-de-lorraine-et-durili\/#breadcrumb","itemListElement":[{"@type":"ListItem","position":1,"name":"Accueil","item":"https:\/\/fuveau.net\/"},{"@type":"ListItem","position":2,"name":"Lieux","item":"https:\/\/fuveau.net\/index.php\/lieux\/"},{"@type":"ListItem","position":3,"name":"Croix de Lorraine et Durili"}]},{"@type":"WebSite","@id":"https:\/\/fuveau.net\/#website","url":"https:\/\/fuveau.net\/","name":"Petites et grandes Histoires de Fuveau","description":"Site patrimonial de l&#039;histoire de Fuveau","publisher":{"@id":"https:\/\/fuveau.net\/#organization"},"potentialAction":[{"@type":"SearchAction","target":{"@type":"EntryPoint","urlTemplate":"https:\/\/fuveau.net\/?s={search_term_string}"},"query-input":{"@type":"PropertyValueSpecification","valueRequired":true,"valueName":"search_term_string"}}],"inLanguage":"fr-FR"},{"@type":"Organization","@id":"https:\/\/fuveau.net\/#organization","name":"Petites et grandes Histoires de Fuveau","url":"https:\/\/fuveau.net\/","logo":{"@type":"ImageObject","inLanguage":"fr-FR","@id":"https:\/\/fuveau.net\/#\/schema\/logo\/image\/","url":"https:\/\/fuveau.net\/wp-content\/uploads\/2023\/09\/logo-1.jpg","contentUrl":"https:\/\/fuveau.net\/wp-content\/uploads\/2023\/09\/logo-1.jpg","width":815,"height":415,"caption":"Petites et grandes Histoires de Fuveau"},"image":{"@id":"https:\/\/fuveau.net\/#\/schema\/logo\/image\/"}},{"@type":"Person","@id":"https:\/\/fuveau.net\/#\/schema\/person\/2334ed46226babe19f16b8c36a23e39d","name":"Jean-Fran\u00e7ois ROUBAUD","image":{"@type":"ImageObject","inLanguage":"fr-FR","@id":"https:\/\/secure.gravatar.com\/avatar\/7aefd90c55045efd1b1d8cf411892125747ae3aa6b0cfd7ad6e61ec5450f6987?s=96&d=mm&r=g","url":"https:\/\/secure.gravatar.com\/avatar\/7aefd90c55045efd1b1d8cf411892125747ae3aa6b0cfd7ad6e61ec5450f6987?s=96&d=mm&r=g","contentUrl":"https:\/\/secure.gravatar.com\/avatar\/7aefd90c55045efd1b1d8cf411892125747ae3aa6b0cfd7ad6e61ec5450f6987?s=96&d=mm&r=g","caption":"Jean-Fran\u00e7ois ROUBAUD"},"url":"https:\/\/fuveau.net\/index.php\/author\/jfber\/"}]}},"uagb_featured_image_src":{"full":["https:\/\/fuveau.net\/wp-content\/uploads\/2023\/09\/liberationrue_du_4_sept-1.jpg",360,480,false],"thumbnail":["https:\/\/fuveau.net\/wp-content\/uploads\/2023\/09\/liberationrue_du_4_sept-1-150x150.jpg",150,150,true],"medium":["https:\/\/fuveau.net\/wp-content\/uploads\/2023\/09\/liberationrue_du_4_sept-1-225x300.jpg",225,300,true],"medium_large":["https:\/\/fuveau.net\/wp-content\/uploads\/2023\/09\/liberationrue_du_4_sept-1.jpg",360,480,false],"large":["https:\/\/fuveau.net\/wp-content\/uploads\/2023\/09\/liberationrue_du_4_sept-1.jpg",360,480,false],"1536x1536":["https:\/\/fuveau.net\/wp-content\/uploads\/2023\/09\/liberationrue_du_4_sept-1.jpg",360,480,false],"2048x2048":["https:\/\/fuveau.net\/wp-content\/uploads\/2023\/09\/liberationrue_du_4_sept-1.jpg",360,480,false],"post-image":["https:\/\/fuveau.net\/wp-content\/uploads\/2023\/09\/liberationrue_du_4_sept-1.jpg",360,480,false]},"uagb_author_info":{"display_name":"Jean-Fran\u00e7ois ROUBAUD","author_link":"https:\/\/fuveau.net\/index.php\/author\/jfber\/"},"uagb_comment_info":0,"uagb_excerpt":"Ce \u00ab\u00a0graffiti\u00a0\u00bb est d\u00fb \u00e0 un certain Durili Jean-Baptiste Napol\u00e9on, conseiller municipal corse et h\u00e2bleur dans les ann\u00e9es troubles de l&rsquo;occupation. C&rsquo;est aussi un palimpseste ! Les allemands avaient peint une marque de reconnaissance de leur d\u00e9coupage de zone :\u00a0 KN4A sur ce mur au bout de la rue du\u00a04 septembre. Notre DURILI, en forme\u2026","_links":{"self":[{"href":"https:\/\/fuveau.net\/index.php\/wp-json\/wp\/v2\/posts\/2552","targetHints":{"allow":["GET"]}}],"collection":[{"href":"https:\/\/fuveau.net\/index.php\/wp-json\/wp\/v2\/posts"}],"about":[{"href":"https:\/\/fuveau.net\/index.php\/wp-json\/wp\/v2\/types\/post"}],"author":[{"embeddable":true,"href":"https:\/\/fuveau.net\/index.php\/wp-json\/wp\/v2\/users\/3"}],"replies":[{"embeddable":true,"href":"https:\/\/fuveau.net\/index.php\/wp-json\/wp\/v2\/comments?post=2552"}],"version-history":[{"count":3,"href":"https:\/\/fuveau.net\/index.php\/wp-json\/wp\/v2\/posts\/2552\/revisions"}],"predecessor-version":[{"id":4064,"href":"https:\/\/fuveau.net\/index.php\/wp-json\/wp\/v2\/posts\/2552\/revisions\/4064"}],"wp:featuredmedia":[{"embeddable":true,"href":"https:\/\/fuveau.net\/index.php\/wp-json\/wp\/v2\/media\/1554"}],"wp:attachment":[{"href":"https:\/\/fuveau.net\/index.php\/wp-json\/wp\/v2\/media?parent=2552"}],"wp:term":[{"taxonomy":"category","embeddable":true,"href":"https:\/\/fuveau.net\/index.php\/wp-json\/wp\/v2\/categories?post=2552"},{"taxonomy":"post_tag","embeddable":true,"href":"https:\/\/fuveau.net\/index.php\/wp-json\/wp\/v2\/tags?post=2552"}],"curies":[{"name":"wp","href":"https:\/\/api.w.org\/{rel}","templated":true}]}}