{"id":2522,"date":"2023-10-13T18:24:14","date_gmt":"2023-10-13T16:24:14","guid":{"rendered":"https:\/\/fuveau.net\/?page_id=2522"},"modified":"2023-11-01T17:50:12","modified_gmt":"2023-11-01T16:50:12","slug":"hommage-a-georges-roubaud","status":"publish","type":"post","link":"https:\/\/fuveau.net\/index.php\/2023\/10\/13\/hommage-a-georges-roubaud\/","title":{"rendered":"Hommage \u00e0\u00a0Georges Roubaud"},"content":{"rendered":"\n<p><strong>Nul n&rsquo;est proph\u00e8te en son pays dit-on. Si Georges Roubaud est n\u00e9 \u00e0 Fuveau au 6 rue de l&rsquo;Ecole, maintenant rue du Docteur Defaix, ordonn\u00e9 pr\u00eatre en l&rsquo;\u00e9glise de Fuveau, c&rsquo;est essentiellement en Arles et dans les hameaux environnants qu&rsquo;il a v\u00e9cu. Un rond-point qui est d\u00e9di\u00e9 \u00e0 sa m\u00e9moire \u00e0 proximit\u00e9 de Raph\u00e8le rappelle son souvenir ainsi que la place de l&rsquo;\u00e9glise de Mas-Thibert maintenant place Georges Roubaud.<br>Certes nous sommes dans l&rsquo;histoire tr\u00e8s contemporaine mais nous nous devons de conserver la m\u00e9moire de ce Fuvelain hors normes.<\/strong><\/p>\n\n\n<div class=\"wp-block-image\">\n<figure class=\"aligncenter size-full is-resized\"><img loading=\"lazy\" decoding=\"async\" width=\"434\" height=\"553\" src=\"https:\/\/fuveau.net\/wp-content\/uploads\/2023\/10\/georges-roubaud-1.jpg\" alt=\"\" class=\"wp-image-2523\" style=\"aspect-ratio:0.7848101265822784;width:434px;height:auto\" srcset=\"https:\/\/fuveau.net\/wp-content\/uploads\/2023\/10\/georges-roubaud-1.jpg 434w, https:\/\/fuveau.net\/wp-content\/uploads\/2023\/10\/georges-roubaud-1-235x300.jpg 235w\" sizes=\"auto, (max-width: 434px) 100vw, 434px\" \/><\/figure>\n<\/div>\n\n<div class=\"wp-block-image\">\n<figure class=\"aligncenter size-large\"><img loading=\"lazy\" decoding=\"async\" width=\"1024\" height=\"729\" src=\"https:\/\/fuveau.net\/wp-content\/uploads\/2023\/10\/georges-roubaud-2-1024x729.jpg\" alt=\"\" class=\"wp-image-2524\" srcset=\"https:\/\/fuveau.net\/wp-content\/uploads\/2023\/10\/georges-roubaud-2-1024x729.jpg 1024w, https:\/\/fuveau.net\/wp-content\/uploads\/2023\/10\/georges-roubaud-2-300x213.jpg 300w, https:\/\/fuveau.net\/wp-content\/uploads\/2023\/10\/georges-roubaud-2-768x546.jpg 768w, https:\/\/fuveau.net\/wp-content\/uploads\/2023\/10\/georges-roubaud-2-1536x1093.jpg 1536w, https:\/\/fuveau.net\/wp-content\/uploads\/2023\/10\/georges-roubaud-2-676x481.jpg 676w, https:\/\/fuveau.net\/wp-content\/uploads\/2023\/10\/georges-roubaud-2.jpg 2000w\" sizes=\"auto, (max-width: 1024px) 100vw, 1024px\" \/><\/figure>\n<\/div>","protected":false},"excerpt":{"rendered":"<p>Nul n&rsquo;est proph\u00e8te en son pays dit-on. Si Georges Roubaud est n\u00e9 \u00e0 Fuveau au 6 rue de l&rsquo;Ecole, maintenant rue du Docteur Defaix, ordonn\u00e9 pr\u00eatre en l&rsquo;\u00e9glise de Fuveau, c&rsquo;est essentiellement en Arles et dans les hameaux environnants qu&rsquo;il a v\u00e9cu. Un rond-point qui est d\u00e9di\u00e9 \u00e0 sa m\u00e9moire \u00e0 proximit\u00e9 de Raph\u00e8le rappelle [&hellip;]<\/p>\n","protected":false},"author":3,"featured_media":2523,"comment_status":"closed","ping_status":"closed","sticky":false,"template":"","format":"standard","meta":{"_uag_custom_page_level_css":"","iawp_total_views":19,"footnotes":""},"categories":[20],"tags":[],"class_list":["post-2522","post","type-post","status-publish","format-standard","has-post-thumbnail","hentry","category-personnages","post-preview"],"yoast_head":"<!-- This site is optimized with the Yoast SEO plugin v27.5 - https:\/\/yoast.com\/product\/yoast-seo-wordpress\/ -->\n<title>Hommage \u00e0\u00a0Georges Roubaud - Petites et grandes Histoires de Fuveau<\/title>\n<meta name=\"robots\" content=\"index, follow, max-snippet:-1, max-image-preview:large, max-video-preview:-1\" \/>\n<link rel=\"canonical\" href=\"https:\/\/fuveau.net\/index.php\/2023\/10\/13\/hommage-a-georges-roubaud\/\" \/>\n<meta property=\"og:locale\" content=\"fr_FR\" \/>\n<meta property=\"og:type\" content=\"article\" \/>\n<meta property=\"og:title\" content=\"Hommage \u00e0\u00a0Georges Roubaud - Petites et grandes Histoires de Fuveau\" \/>\n<meta property=\"og:description\" content=\"Nul n&rsquo;est proph\u00e8te en son pays dit-on. Si Georges Roubaud est n\u00e9 \u00e0 Fuveau au 6 rue de l&rsquo;Ecole, maintenant rue du Docteur Defaix, ordonn\u00e9 pr\u00eatre en l&rsquo;\u00e9glise de Fuveau, c&rsquo;est essentiellement en Arles et dans les hameaux environnants qu&rsquo;il a v\u00e9cu. Un rond-point qui est d\u00e9di\u00e9 \u00e0 sa m\u00e9moire \u00e0 proximit\u00e9 de Raph\u00e8le rappelle [&hellip;]\" \/>\n<meta property=\"og:url\" content=\"https:\/\/fuveau.net\/index.php\/2023\/10\/13\/hommage-a-georges-roubaud\/\" \/>\n<meta property=\"og:site_name\" content=\"Petites et grandes Histoires de Fuveau\" \/>\n<meta property=\"article:published_time\" content=\"2023-10-13T16:24:14+00:00\" \/>\n<meta property=\"article:modified_time\" content=\"2023-11-01T16:50:12+00:00\" \/>\n<meta property=\"og:image\" content=\"https:\/\/fuveau.net\/wp-content\/uploads\/2023\/10\/georges-roubaud-1.jpg\" \/>\n\t<meta property=\"og:image:width\" content=\"434\" \/>\n\t<meta property=\"og:image:height\" content=\"553\" \/>\n\t<meta property=\"og:image:type\" content=\"image\/jpeg\" \/>\n<meta name=\"author\" content=\"Jean-Fran\u00e7ois ROUBAUD\" \/>\n<meta name=\"twitter:card\" content=\"summary_large_image\" \/>\n<meta name=\"twitter:label1\" content=\"\u00c9crit par\" \/>\n\t<meta name=\"twitter:data1\" content=\"Jean-Fran\u00e7ois ROUBAUD\" \/>\n\t<meta name=\"twitter:label2\" content=\"Dur\u00e9e de lecture estim\u00e9e\" \/>\n\t<meta name=\"twitter:data2\" content=\"1 minute\" \/>\n<script type=\"application\/ld+json\" class=\"yoast-schema-graph\">{\"@context\":\"https:\\\/\\\/schema.org\",\"@graph\":[{\"@type\":\"Article\",\"@id\":\"https:\\\/\\\/fuveau.net\\\/index.php\\\/2023\\\/10\\\/13\\\/hommage-a-georges-roubaud\\\/#article\",\"isPartOf\":{\"@id\":\"https:\\\/\\\/fuveau.net\\\/index.php\\\/2023\\\/10\\\/13\\\/hommage-a-georges-roubaud\\\/\"},\"author\":{\"name\":\"Jean-Fran\u00e7ois ROUBAUD\",\"@id\":\"https:\\\/\\\/fuveau.net\\\/#\\\/schema\\\/person\\\/2334ed46226babe19f16b8c36a23e39d\"},\"headline\":\"Hommage \u00e0\u00a0Georges Roubaud\",\"datePublished\":\"2023-10-13T16:24:14+00:00\",\"dateModified\":\"2023-11-01T16:50:12+00:00\",\"mainEntityOfPage\":{\"@id\":\"https:\\\/\\\/fuveau.net\\\/index.php\\\/2023\\\/10\\\/13\\\/hommage-a-georges-roubaud\\\/\"},\"wordCount\":103,\"publisher\":{\"@id\":\"https:\\\/\\\/fuveau.net\\\/#organization\"},\"image\":{\"@id\":\"https:\\\/\\\/fuveau.net\\\/index.php\\\/2023\\\/10\\\/13\\\/hommage-a-georges-roubaud\\\/#primaryimage\"},\"thumbnailUrl\":\"https:\\\/\\\/fuveau.net\\\/wp-content\\\/uploads\\\/2023\\\/10\\\/georges-roubaud-1.jpg\",\"articleSection\":[\"Personnages\"],\"inLanguage\":\"fr-FR\"},{\"@type\":\"WebPage\",\"@id\":\"https:\\\/\\\/fuveau.net\\\/index.php\\\/2023\\\/10\\\/13\\\/hommage-a-georges-roubaud\\\/\",\"url\":\"https:\\\/\\\/fuveau.net\\\/index.php\\\/2023\\\/10\\\/13\\\/hommage-a-georges-roubaud\\\/\",\"name\":\"Hommage \u00e0\u00a0Georges Roubaud - Petites et grandes Histoires de Fuveau\",\"isPartOf\":{\"@id\":\"https:\\\/\\\/fuveau.net\\\/#website\"},\"primaryImageOfPage\":{\"@id\":\"https:\\\/\\\/fuveau.net\\\/index.php\\\/2023\\\/10\\\/13\\\/hommage-a-georges-roubaud\\\/#primaryimage\"},\"image\":{\"@id\":\"https:\\\/\\\/fuveau.net\\\/index.php\\\/2023\\\/10\\\/13\\\/hommage-a-georges-roubaud\\\/#primaryimage\"},\"thumbnailUrl\":\"https:\\\/\\\/fuveau.net\\\/wp-content\\\/uploads\\\/2023\\\/10\\\/georges-roubaud-1.jpg\",\"datePublished\":\"2023-10-13T16:24:14+00:00\",\"dateModified\":\"2023-11-01T16:50:12+00:00\",\"breadcrumb\":{\"@id\":\"https:\\\/\\\/fuveau.net\\\/index.php\\\/2023\\\/10\\\/13\\\/hommage-a-georges-roubaud\\\/#breadcrumb\"},\"inLanguage\":\"fr-FR\",\"potentialAction\":[{\"@type\":\"ReadAction\",\"target\":[\"https:\\\/\\\/fuveau.net\\\/index.php\\\/2023\\\/10\\\/13\\\/hommage-a-georges-roubaud\\\/\"]}]},{\"@type\":\"ImageObject\",\"inLanguage\":\"fr-FR\",\"@id\":\"https:\\\/\\\/fuveau.net\\\/index.php\\\/2023\\\/10\\\/13\\\/hommage-a-georges-roubaud\\\/#primaryimage\",\"url\":\"https:\\\/\\\/fuveau.net\\\/wp-content\\\/uploads\\\/2023\\\/10\\\/georges-roubaud-1.jpg\",\"contentUrl\":\"https:\\\/\\\/fuveau.net\\\/wp-content\\\/uploads\\\/2023\\\/10\\\/georges-roubaud-1.jpg\",\"width\":434,\"height\":553},{\"@type\":\"BreadcrumbList\",\"@id\":\"https:\\\/\\\/fuveau.net\\\/index.php\\\/2023\\\/10\\\/13\\\/hommage-a-georges-roubaud\\\/#breadcrumb\",\"itemListElement\":[{\"@type\":\"ListItem\",\"position\":1,\"name\":\"Accueil\",\"item\":\"https:\\\/\\\/fuveau.net\\\/\"},{\"@type\":\"ListItem\",\"position\":2,\"name\":\"Hommage \u00e0\u00a0Georges Roubaud\"}]},{\"@type\":\"WebSite\",\"@id\":\"https:\\\/\\\/fuveau.net\\\/#website\",\"url\":\"https:\\\/\\\/fuveau.net\\\/\",\"name\":\"Petites et grandes Histoires de Fuveau\",\"description\":\"Site patrimonial de l&#039;histoire de Fuveau\",\"publisher\":{\"@id\":\"https:\\\/\\\/fuveau.net\\\/#organization\"},\"potentialAction\":[{\"@type\":\"SearchAction\",\"target\":{\"@type\":\"EntryPoint\",\"urlTemplate\":\"https:\\\/\\\/fuveau.net\\\/?s={search_term_string}\"},\"query-input\":{\"@type\":\"PropertyValueSpecification\",\"valueRequired\":true,\"valueName\":\"search_term_string\"}}],\"inLanguage\":\"fr-FR\"},{\"@type\":\"Organization\",\"@id\":\"https:\\\/\\\/fuveau.net\\\/#organization\",\"name\":\"Petites et grandes Histoires de Fuveau\",\"url\":\"https:\\\/\\\/fuveau.net\\\/\",\"logo\":{\"@type\":\"ImageObject\",\"inLanguage\":\"fr-FR\",\"@id\":\"https:\\\/\\\/fuveau.net\\\/#\\\/schema\\\/logo\\\/image\\\/\",\"url\":\"https:\\\/\\\/fuveau.net\\\/wp-content\\\/uploads\\\/2023\\\/09\\\/logo-1.jpg\",\"contentUrl\":\"https:\\\/\\\/fuveau.net\\\/wp-content\\\/uploads\\\/2023\\\/09\\\/logo-1.jpg\",\"width\":815,\"height\":415,\"caption\":\"Petites et grandes Histoires de Fuveau\"},\"image\":{\"@id\":\"https:\\\/\\\/fuveau.net\\\/#\\\/schema\\\/logo\\\/image\\\/\"}},{\"@type\":\"Person\",\"@id\":\"https:\\\/\\\/fuveau.net\\\/#\\\/schema\\\/person\\\/2334ed46226babe19f16b8c36a23e39d\",\"name\":\"Jean-Fran\u00e7ois ROUBAUD\",\"image\":{\"@type\":\"ImageObject\",\"inLanguage\":\"fr-FR\",\"@id\":\"https:\\\/\\\/secure.gravatar.com\\\/avatar\\\/7aefd90c55045efd1b1d8cf411892125747ae3aa6b0cfd7ad6e61ec5450f6987?s=96&d=mm&r=g\",\"url\":\"https:\\\/\\\/secure.gravatar.com\\\/avatar\\\/7aefd90c55045efd1b1d8cf411892125747ae3aa6b0cfd7ad6e61ec5450f6987?s=96&d=mm&r=g\",\"contentUrl\":\"https:\\\/\\\/secure.gravatar.com\\\/avatar\\\/7aefd90c55045efd1b1d8cf411892125747ae3aa6b0cfd7ad6e61ec5450f6987?s=96&d=mm&r=g\",\"caption\":\"Jean-Fran\u00e7ois ROUBAUD\"},\"url\":\"https:\\\/\\\/fuveau.net\\\/index.php\\\/author\\\/jfber\\\/\"}]}<\/script>\n<!-- \/ Yoast SEO plugin. -->","yoast_head_json":{"title":"Hommage \u00e0\u00a0Georges Roubaud - Petites et grandes Histoires de Fuveau","robots":{"index":"index","follow":"follow","max-snippet":"max-snippet:-1","max-image-preview":"max-image-preview:large","max-video-preview":"max-video-preview:-1"},"canonical":"https:\/\/fuveau.net\/index.php\/2023\/10\/13\/hommage-a-georges-roubaud\/","og_locale":"fr_FR","og_type":"article","og_title":"Hommage \u00e0\u00a0Georges Roubaud - Petites et grandes Histoires de Fuveau","og_description":"Nul n&rsquo;est proph\u00e8te en son pays dit-on. Si Georges Roubaud est n\u00e9 \u00e0 Fuveau au 6 rue de l&rsquo;Ecole, maintenant rue du Docteur Defaix, ordonn\u00e9 pr\u00eatre en l&rsquo;\u00e9glise de Fuveau, c&rsquo;est essentiellement en Arles et dans les hameaux environnants qu&rsquo;il a v\u00e9cu. Un rond-point qui est d\u00e9di\u00e9 \u00e0 sa m\u00e9moire \u00e0 proximit\u00e9 de Raph\u00e8le rappelle [&hellip;]","og_url":"https:\/\/fuveau.net\/index.php\/2023\/10\/13\/hommage-a-georges-roubaud\/","og_site_name":"Petites et grandes Histoires de Fuveau","article_published_time":"2023-10-13T16:24:14+00:00","article_modified_time":"2023-11-01T16:50:12+00:00","og_image":[{"width":434,"height":553,"url":"https:\/\/fuveau.net\/wp-content\/uploads\/2023\/10\/georges-roubaud-1.jpg","type":"image\/jpeg"}],"author":"Jean-Fran\u00e7ois ROUBAUD","twitter_card":"summary_large_image","twitter_misc":{"\u00c9crit par":"Jean-Fran\u00e7ois ROUBAUD","Dur\u00e9e de lecture estim\u00e9e":"1 minute"},"schema":{"@context":"https:\/\/schema.org","@graph":[{"@type":"Article","@id":"https:\/\/fuveau.net\/index.php\/2023\/10\/13\/hommage-a-georges-roubaud\/#article","isPartOf":{"@id":"https:\/\/fuveau.net\/index.php\/2023\/10\/13\/hommage-a-georges-roubaud\/"},"author":{"name":"Jean-Fran\u00e7ois ROUBAUD","@id":"https:\/\/fuveau.net\/#\/schema\/person\/2334ed46226babe19f16b8c36a23e39d"},"headline":"Hommage \u00e0\u00a0Georges Roubaud","datePublished":"2023-10-13T16:24:14+00:00","dateModified":"2023-11-01T16:50:12+00:00","mainEntityOfPage":{"@id":"https:\/\/fuveau.net\/index.php\/2023\/10\/13\/hommage-a-georges-roubaud\/"},"wordCount":103,"publisher":{"@id":"https:\/\/fuveau.net\/#organization"},"image":{"@id":"https:\/\/fuveau.net\/index.php\/2023\/10\/13\/hommage-a-georges-roubaud\/#primaryimage"},"thumbnailUrl":"https:\/\/fuveau.net\/wp-content\/uploads\/2023\/10\/georges-roubaud-1.jpg","articleSection":["Personnages"],"inLanguage":"fr-FR"},{"@type":"WebPage","@id":"https:\/\/fuveau.net\/index.php\/2023\/10\/13\/hommage-a-georges-roubaud\/","url":"https:\/\/fuveau.net\/index.php\/2023\/10\/13\/hommage-a-georges-roubaud\/","name":"Hommage \u00e0\u00a0Georges Roubaud - Petites et grandes Histoires de Fuveau","isPartOf":{"@id":"https:\/\/fuveau.net\/#website"},"primaryImageOfPage":{"@id":"https:\/\/fuveau.net\/index.php\/2023\/10\/13\/hommage-a-georges-roubaud\/#primaryimage"},"image":{"@id":"https:\/\/fuveau.net\/index.php\/2023\/10\/13\/hommage-a-georges-roubaud\/#primaryimage"},"thumbnailUrl":"https:\/\/fuveau.net\/wp-content\/uploads\/2023\/10\/georges-roubaud-1.jpg","datePublished":"2023-10-13T16:24:14+00:00","dateModified":"2023-11-01T16:50:12+00:00","breadcrumb":{"@id":"https:\/\/fuveau.net\/index.php\/2023\/10\/13\/hommage-a-georges-roubaud\/#breadcrumb"},"inLanguage":"fr-FR","potentialAction":[{"@type":"ReadAction","target":["https:\/\/fuveau.net\/index.php\/2023\/10\/13\/hommage-a-georges-roubaud\/"]}]},{"@type":"ImageObject","inLanguage":"fr-FR","@id":"https:\/\/fuveau.net\/index.php\/2023\/10\/13\/hommage-a-georges-roubaud\/#primaryimage","url":"https:\/\/fuveau.net\/wp-content\/uploads\/2023\/10\/georges-roubaud-1.jpg","contentUrl":"https:\/\/fuveau.net\/wp-content\/uploads\/2023\/10\/georges-roubaud-1.jpg","width":434,"height":553},{"@type":"BreadcrumbList","@id":"https:\/\/fuveau.net\/index.php\/2023\/10\/13\/hommage-a-georges-roubaud\/#breadcrumb","itemListElement":[{"@type":"ListItem","position":1,"name":"Accueil","item":"https:\/\/fuveau.net\/"},{"@type":"ListItem","position":2,"name":"Hommage \u00e0\u00a0Georges Roubaud"}]},{"@type":"WebSite","@id":"https:\/\/fuveau.net\/#website","url":"https:\/\/fuveau.net\/","name":"Petites et grandes Histoires de Fuveau","description":"Site patrimonial de l&#039;histoire de Fuveau","publisher":{"@id":"https:\/\/fuveau.net\/#organization"},"potentialAction":[{"@type":"SearchAction","target":{"@type":"EntryPoint","urlTemplate":"https:\/\/fuveau.net\/?s={search_term_string}"},"query-input":{"@type":"PropertyValueSpecification","valueRequired":true,"valueName":"search_term_string"}}],"inLanguage":"fr-FR"},{"@type":"Organization","@id":"https:\/\/fuveau.net\/#organization","name":"Petites et grandes Histoires de Fuveau","url":"https:\/\/fuveau.net\/","logo":{"@type":"ImageObject","inLanguage":"fr-FR","@id":"https:\/\/fuveau.net\/#\/schema\/logo\/image\/","url":"https:\/\/fuveau.net\/wp-content\/uploads\/2023\/09\/logo-1.jpg","contentUrl":"https:\/\/fuveau.net\/wp-content\/uploads\/2023\/09\/logo-1.jpg","width":815,"height":415,"caption":"Petites et grandes Histoires de Fuveau"},"image":{"@id":"https:\/\/fuveau.net\/#\/schema\/logo\/image\/"}},{"@type":"Person","@id":"https:\/\/fuveau.net\/#\/schema\/person\/2334ed46226babe19f16b8c36a23e39d","name":"Jean-Fran\u00e7ois ROUBAUD","image":{"@type":"ImageObject","inLanguage":"fr-FR","@id":"https:\/\/secure.gravatar.com\/avatar\/7aefd90c55045efd1b1d8cf411892125747ae3aa6b0cfd7ad6e61ec5450f6987?s=96&d=mm&r=g","url":"https:\/\/secure.gravatar.com\/avatar\/7aefd90c55045efd1b1d8cf411892125747ae3aa6b0cfd7ad6e61ec5450f6987?s=96&d=mm&r=g","contentUrl":"https:\/\/secure.gravatar.com\/avatar\/7aefd90c55045efd1b1d8cf411892125747ae3aa6b0cfd7ad6e61ec5450f6987?s=96&d=mm&r=g","caption":"Jean-Fran\u00e7ois ROUBAUD"},"url":"https:\/\/fuveau.net\/index.php\/author\/jfber\/"}]}},"uagb_featured_image_src":{"full":["https:\/\/fuveau.net\/wp-content\/uploads\/2023\/10\/georges-roubaud-1.jpg",434,553,false],"thumbnail":["https:\/\/fuveau.net\/wp-content\/uploads\/2023\/10\/georges-roubaud-1-150x150.jpg",150,150,true],"medium":["https:\/\/fuveau.net\/wp-content\/uploads\/2023\/10\/georges-roubaud-1-235x300.jpg",235,300,true],"medium_large":["https:\/\/fuveau.net\/wp-content\/uploads\/2023\/10\/georges-roubaud-1.jpg",434,553,false],"large":["https:\/\/fuveau.net\/wp-content\/uploads\/2023\/10\/georges-roubaud-1.jpg",434,553,false],"1536x1536":["https:\/\/fuveau.net\/wp-content\/uploads\/2023\/10\/georges-roubaud-1.jpg",434,553,false],"2048x2048":["https:\/\/fuveau.net\/wp-content\/uploads\/2023\/10\/georges-roubaud-1.jpg",434,553,false],"post-image":["https:\/\/fuveau.net\/wp-content\/uploads\/2023\/10\/georges-roubaud-1.jpg",434,553,false]},"uagb_author_info":{"display_name":"Jean-Fran\u00e7ois ROUBAUD","author_link":"https:\/\/fuveau.net\/index.php\/author\/jfber\/"},"uagb_comment_info":0,"uagb_excerpt":"Nul n&rsquo;est proph\u00e8te en son pays dit-on. Si Georges Roubaud est n\u00e9 \u00e0 Fuveau au 6 rue de l&rsquo;Ecole, maintenant rue du Docteur Defaix, ordonn\u00e9 pr\u00eatre en l&rsquo;\u00e9glise de Fuveau, c&rsquo;est essentiellement en Arles et dans les hameaux environnants qu&rsquo;il a v\u00e9cu. Un rond-point qui est d\u00e9di\u00e9 \u00e0 sa m\u00e9moire \u00e0 proximit\u00e9 de Raph\u00e8le rappelle\u2026","_links":{"self":[{"href":"https:\/\/fuveau.net\/index.php\/wp-json\/wp\/v2\/posts\/2522","targetHints":{"allow":["GET"]}}],"collection":[{"href":"https:\/\/fuveau.net\/index.php\/wp-json\/wp\/v2\/posts"}],"about":[{"href":"https:\/\/fuveau.net\/index.php\/wp-json\/wp\/v2\/types\/post"}],"author":[{"embeddable":true,"href":"https:\/\/fuveau.net\/index.php\/wp-json\/wp\/v2\/users\/3"}],"replies":[{"embeddable":true,"href":"https:\/\/fuveau.net\/index.php\/wp-json\/wp\/v2\/comments?post=2522"}],"version-history":[{"count":1,"href":"https:\/\/fuveau.net\/index.php\/wp-json\/wp\/v2\/posts\/2522\/revisions"}],"predecessor-version":[{"id":2525,"href":"https:\/\/fuveau.net\/index.php\/wp-json\/wp\/v2\/posts\/2522\/revisions\/2525"}],"wp:featuredmedia":[{"embeddable":true,"href":"https:\/\/fuveau.net\/index.php\/wp-json\/wp\/v2\/media\/2523"}],"wp:attachment":[{"href":"https:\/\/fuveau.net\/index.php\/wp-json\/wp\/v2\/media?parent=2522"}],"wp:term":[{"taxonomy":"category","embeddable":true,"href":"https:\/\/fuveau.net\/index.php\/wp-json\/wp\/v2\/categories?post=2522"},{"taxonomy":"post_tag","embeddable":true,"href":"https:\/\/fuveau.net\/index.php\/wp-json\/wp\/v2\/tags?post=2522"}],"curies":[{"name":"wp","href":"https:\/\/api.w.org\/{rel}","templated":true}]}}