{"id":234,"date":"2023-09-03T18:40:46","date_gmt":"2023-09-03T16:40:46","guid":{"rendered":"https:\/\/fuveau.net\/?p=234"},"modified":"2023-11-01T17:50:53","modified_gmt":"2023-11-01T16:50:53","slug":"la-mere-de-barthelemy-niollon-mai-2018","status":"publish","type":"post","link":"https:\/\/fuveau.net\/index.php\/2023\/09\/03\/la-mere-de-barthelemy-niollon-mai-2018\/","title":{"rendered":"La m\u00e8re de Barth\u00e9l\u00e9my Niollon (mai 2018)"},"content":{"rendered":"\n<div class=\"wp-block-uagb-image aligncenter uagb-block-4822ccee wp-block-uagb-image--layout-default wp-block-uagb-image--effect-static wp-block-uagb-image--align-center\"><figure class=\"wp-block-uagb-image__figure\"><img decoding=\"async\" srcset=\"https:\/\/fuveau.net\/wp-content\/uploads\/2023\/10\/mere-barthelemy-niollon-1.jpg ,https:\/\/fuveau.net\/wp-content\/uploads\/2023\/10\/mere-barthelemy-niollon-1.jpg 780w, https:\/\/fuveau.net\/wp-content\/uploads\/2023\/10\/mere-barthelemy-niollon-1.jpg 360w\" sizes=\"auto, (max-width: 480px) 150px\" src=\"https:\/\/fuveau.net\/wp-content\/uploads\/2023\/10\/mere-barthelemy-niollon-1.jpg\" alt=\"\" class=\"uag-image-2307\" width=\"477\" height=\"758\" title=\"\" loading=\"lazy\"\/><\/figure><\/div>\n\n\n\n<p><strong>Cette photo unique datant des ann\u00e9es 1890 est digne d&rsquo;int\u00e9r\u00eat, tant parce qu&rsquo;il s&rsquo;agit de la m\u00e8re de Barth\u00e9l\u00e9my Niollon, que pour l&rsquo;habit proven\u00e7al qu&rsquo;elle porte que pour la qualit\u00e9 de la photo vraisemblablement due \u00e0 Suzanne, photographe qui exer\u00e7ait \u00e0 Fuveau \u00e0 l&rsquo;\u00e9poque. nous la devons \u00e0 la famille Etienne qui l&rsquo;a conserv\u00e9e religieusement depuis l&rsquo;\u00e9poque.<\/strong><\/p>\n\n\n\n<p><strong>Et ci-dessous, l&rsquo;une de ses filles, Philom\u00e8ne, auteure de la descendance Niollon \u00e0 Fuveau : les Etienne (Senones). Le costume est particuli\u00e8rement&nbsp; int\u00e9ressant.<\/strong><\/p>\n\n\n<div class=\"wp-block-image\">\n<figure class=\"aligncenter size-full\"><img loading=\"lazy\" decoding=\"async\" width=\"307\" height=\"472\" src=\"https:\/\/fuveau.net\/wp-content\/uploads\/2023\/10\/mere-barthelemy-niollon-2.jpg\" alt=\"\" class=\"wp-image-2309\" srcset=\"https:\/\/fuveau.net\/wp-content\/uploads\/2023\/10\/mere-barthelemy-niollon-2.jpg 307w, https:\/\/fuveau.net\/wp-content\/uploads\/2023\/10\/mere-barthelemy-niollon-2-195x300.jpg 195w\" sizes=\"auto, (max-width: 307px) 100vw, 307px\" \/><\/figure>\n<\/div>","protected":false},"excerpt":{"rendered":"<p>Cette photo unique datant des ann\u00e9es 1890 est digne d&rsquo;int\u00e9r\u00eat, tant parce qu&rsquo;il s&rsquo;agit de la m\u00e8re de Barth\u00e9l\u00e9my Niollon, que pour l&rsquo;habit proven\u00e7al qu&rsquo;elle porte que pour la qualit\u00e9 de la photo vraisemblablement due \u00e0 Suzanne, photographe qui exer\u00e7ait \u00e0 Fuveau \u00e0 l&rsquo;\u00e9poque. nous la devons \u00e0 la famille Etienne qui l&rsquo;a conserv\u00e9e religieusement [&hellip;]<\/p>\n","protected":false},"author":3,"featured_media":0,"comment_status":"open","ping_status":"closed","sticky":false,"template":"","format":"standard","meta":{"_uag_custom_page_level_css":"","iawp_total_views":8,"footnotes":""},"categories":[20],"tags":[],"class_list":["post-234","post","type-post","status-publish","format-standard","hentry","category-personnages","post-preview"],"yoast_head":"<!-- This site is optimized with the Yoast SEO plugin v27.5 - https:\/\/yoast.com\/product\/yoast-seo-wordpress\/ -->\n<title>La m\u00e8re de Barth\u00e9l\u00e9my Niollon (mai 2018) - Petites et grandes Histoires de Fuveau<\/title>\n<meta name=\"robots\" content=\"index, follow, max-snippet:-1, max-image-preview:large, max-video-preview:-1\" \/>\n<link rel=\"canonical\" href=\"https:\/\/fuveau.net\/index.php\/2023\/09\/03\/la-mere-de-barthelemy-niollon-mai-2018\/\" \/>\n<meta property=\"og:locale\" content=\"fr_FR\" \/>\n<meta property=\"og:type\" content=\"article\" \/>\n<meta property=\"og:title\" content=\"La m\u00e8re de Barth\u00e9l\u00e9my Niollon (mai 2018) - Petites et grandes Histoires de Fuveau\" \/>\n<meta property=\"og:description\" content=\"Cette photo unique datant des ann\u00e9es 1890 est digne d&rsquo;int\u00e9r\u00eat, tant parce qu&rsquo;il s&rsquo;agit de la m\u00e8re de Barth\u00e9l\u00e9my Niollon, que pour l&rsquo;habit proven\u00e7al qu&rsquo;elle porte que pour la qualit\u00e9 de la photo vraisemblablement due \u00e0 Suzanne, photographe qui exer\u00e7ait \u00e0 Fuveau \u00e0 l&rsquo;\u00e9poque. nous la devons \u00e0 la famille Etienne qui l&rsquo;a conserv\u00e9e religieusement [&hellip;]\" \/>\n<meta property=\"og:url\" content=\"https:\/\/fuveau.net\/index.php\/2023\/09\/03\/la-mere-de-barthelemy-niollon-mai-2018\/\" \/>\n<meta property=\"og:site_name\" content=\"Petites et grandes Histoires de Fuveau\" \/>\n<meta property=\"article:published_time\" content=\"2023-09-03T16:40:46+00:00\" \/>\n<meta property=\"article:modified_time\" content=\"2023-11-01T16:50:53+00:00\" \/>\n<meta property=\"og:image\" content=\"https:\/\/fuveau.net\/wp-content\/uploads\/2023\/10\/mere-barthelemy-niollon-1.jpg\" \/>\n<meta name=\"author\" content=\"Jean-Fran\u00e7ois ROUBAUD\" \/>\n<meta name=\"twitter:card\" content=\"summary_large_image\" \/>\n<meta name=\"twitter:label1\" content=\"\u00c9crit par\" \/>\n\t<meta name=\"twitter:data1\" content=\"Jean-Fran\u00e7ois ROUBAUD\" \/>\n<script type=\"application\/ld+json\" class=\"yoast-schema-graph\">{\"@context\":\"https:\\\/\\\/schema.org\",\"@graph\":[{\"@type\":\"Article\",\"@id\":\"https:\\\/\\\/fuveau.net\\\/index.php\\\/2023\\\/09\\\/03\\\/la-mere-de-barthelemy-niollon-mai-2018\\\/#article\",\"isPartOf\":{\"@id\":\"https:\\\/\\\/fuveau.net\\\/index.php\\\/2023\\\/09\\\/03\\\/la-mere-de-barthelemy-niollon-mai-2018\\\/\"},\"author\":{\"name\":\"Jean-Fran\u00e7ois ROUBAUD\",\"@id\":\"https:\\\/\\\/fuveau.net\\\/#\\\/schema\\\/person\\\/2334ed46226babe19f16b8c36a23e39d\"},\"headline\":\"La m\u00e8re de Barth\u00e9l\u00e9my Niollon (mai 2018)\",\"datePublished\":\"2023-09-03T16:40:46+00:00\",\"dateModified\":\"2023-11-01T16:50:53+00:00\",\"mainEntityOfPage\":{\"@id\":\"https:\\\/\\\/fuveau.net\\\/index.php\\\/2023\\\/09\\\/03\\\/la-mere-de-barthelemy-niollon-mai-2018\\\/\"},\"wordCount\":104,\"commentCount\":0,\"publisher\":{\"@id\":\"https:\\\/\\\/fuveau.net\\\/#organization\"},\"image\":{\"@id\":\"https:\\\/\\\/fuveau.net\\\/index.php\\\/2023\\\/09\\\/03\\\/la-mere-de-barthelemy-niollon-mai-2018\\\/#primaryimage\"},\"thumbnailUrl\":\"https:\\\/\\\/fuveau.net\\\/wp-content\\\/uploads\\\/2023\\\/10\\\/mere-barthelemy-niollon-1.jpg\",\"articleSection\":[\"Personnages\"],\"inLanguage\":\"fr-FR\",\"potentialAction\":[{\"@type\":\"CommentAction\",\"name\":\"Comment\",\"target\":[\"https:\\\/\\\/fuveau.net\\\/index.php\\\/2023\\\/09\\\/03\\\/la-mere-de-barthelemy-niollon-mai-2018\\\/#respond\"]}]},{\"@type\":\"WebPage\",\"@id\":\"https:\\\/\\\/fuveau.net\\\/index.php\\\/2023\\\/09\\\/03\\\/la-mere-de-barthelemy-niollon-mai-2018\\\/\",\"url\":\"https:\\\/\\\/fuveau.net\\\/index.php\\\/2023\\\/09\\\/03\\\/la-mere-de-barthelemy-niollon-mai-2018\\\/\",\"name\":\"La m\u00e8re de Barth\u00e9l\u00e9my Niollon (mai 2018) - Petites et grandes Histoires de Fuveau\",\"isPartOf\":{\"@id\":\"https:\\\/\\\/fuveau.net\\\/#website\"},\"primaryImageOfPage\":{\"@id\":\"https:\\\/\\\/fuveau.net\\\/index.php\\\/2023\\\/09\\\/03\\\/la-mere-de-barthelemy-niollon-mai-2018\\\/#primaryimage\"},\"image\":{\"@id\":\"https:\\\/\\\/fuveau.net\\\/index.php\\\/2023\\\/09\\\/03\\\/la-mere-de-barthelemy-niollon-mai-2018\\\/#primaryimage\"},\"thumbnailUrl\":\"https:\\\/\\\/fuveau.net\\\/wp-content\\\/uploads\\\/2023\\\/10\\\/mere-barthelemy-niollon-1.jpg\",\"datePublished\":\"2023-09-03T16:40:46+00:00\",\"dateModified\":\"2023-11-01T16:50:53+00:00\",\"breadcrumb\":{\"@id\":\"https:\\\/\\\/fuveau.net\\\/index.php\\\/2023\\\/09\\\/03\\\/la-mere-de-barthelemy-niollon-mai-2018\\\/#breadcrumb\"},\"inLanguage\":\"fr-FR\",\"potentialAction\":[{\"@type\":\"ReadAction\",\"target\":[\"https:\\\/\\\/fuveau.net\\\/index.php\\\/2023\\\/09\\\/03\\\/la-mere-de-barthelemy-niollon-mai-2018\\\/\"]}]},{\"@type\":\"ImageObject\",\"inLanguage\":\"fr-FR\",\"@id\":\"https:\\\/\\\/fuveau.net\\\/index.php\\\/2023\\\/09\\\/03\\\/la-mere-de-barthelemy-niollon-mai-2018\\\/#primaryimage\",\"url\":\"https:\\\/\\\/fuveau.net\\\/wp-content\\\/uploads\\\/2023\\\/10\\\/mere-barthelemy-niollon-1.jpg\",\"contentUrl\":\"https:\\\/\\\/fuveau.net\\\/wp-content\\\/uploads\\\/2023\\\/10\\\/mere-barthelemy-niollon-1.jpg\",\"width\":477,\"height\":758},{\"@type\":\"BreadcrumbList\",\"@id\":\"https:\\\/\\\/fuveau.net\\\/index.php\\\/2023\\\/09\\\/03\\\/la-mere-de-barthelemy-niollon-mai-2018\\\/#breadcrumb\",\"itemListElement\":[{\"@type\":\"ListItem\",\"position\":1,\"name\":\"Accueil\",\"item\":\"https:\\\/\\\/fuveau.net\\\/\"},{\"@type\":\"ListItem\",\"position\":2,\"name\":\"Personnages qui ont marqu\u00e9 Fuveau\",\"item\":\"https:\\\/\\\/fuveau.net\\\/index.php\\\/personnages-qui-ont-marque-fuveau-2\\\/\"},{\"@type\":\"ListItem\",\"position\":3,\"name\":\"La m\u00e8re de Barth\u00e9l\u00e9my Niollon (mai 2018)\"}]},{\"@type\":\"WebSite\",\"@id\":\"https:\\\/\\\/fuveau.net\\\/#website\",\"url\":\"https:\\\/\\\/fuveau.net\\\/\",\"name\":\"Petites et grandes Histoires de Fuveau\",\"description\":\"Site patrimonial de l&#039;histoire de Fuveau\",\"publisher\":{\"@id\":\"https:\\\/\\\/fuveau.net\\\/#organization\"},\"potentialAction\":[{\"@type\":\"SearchAction\",\"target\":{\"@type\":\"EntryPoint\",\"urlTemplate\":\"https:\\\/\\\/fuveau.net\\\/?s={search_term_string}\"},\"query-input\":{\"@type\":\"PropertyValueSpecification\",\"valueRequired\":true,\"valueName\":\"search_term_string\"}}],\"inLanguage\":\"fr-FR\"},{\"@type\":\"Organization\",\"@id\":\"https:\\\/\\\/fuveau.net\\\/#organization\",\"name\":\"Petites et grandes Histoires de Fuveau\",\"url\":\"https:\\\/\\\/fuveau.net\\\/\",\"logo\":{\"@type\":\"ImageObject\",\"inLanguage\":\"fr-FR\",\"@id\":\"https:\\\/\\\/fuveau.net\\\/#\\\/schema\\\/logo\\\/image\\\/\",\"url\":\"https:\\\/\\\/fuveau.net\\\/wp-content\\\/uploads\\\/2023\\\/09\\\/logo-1.jpg\",\"contentUrl\":\"https:\\\/\\\/fuveau.net\\\/wp-content\\\/uploads\\\/2023\\\/09\\\/logo-1.jpg\",\"width\":815,\"height\":415,\"caption\":\"Petites et grandes Histoires de Fuveau\"},\"image\":{\"@id\":\"https:\\\/\\\/fuveau.net\\\/#\\\/schema\\\/logo\\\/image\\\/\"}},{\"@type\":\"Person\",\"@id\":\"https:\\\/\\\/fuveau.net\\\/#\\\/schema\\\/person\\\/2334ed46226babe19f16b8c36a23e39d\",\"name\":\"Jean-Fran\u00e7ois ROUBAUD\",\"image\":{\"@type\":\"ImageObject\",\"inLanguage\":\"fr-FR\",\"@id\":\"https:\\\/\\\/secure.gravatar.com\\\/avatar\\\/7aefd90c55045efd1b1d8cf411892125747ae3aa6b0cfd7ad6e61ec5450f6987?s=96&d=mm&r=g\",\"url\":\"https:\\\/\\\/secure.gravatar.com\\\/avatar\\\/7aefd90c55045efd1b1d8cf411892125747ae3aa6b0cfd7ad6e61ec5450f6987?s=96&d=mm&r=g\",\"contentUrl\":\"https:\\\/\\\/secure.gravatar.com\\\/avatar\\\/7aefd90c55045efd1b1d8cf411892125747ae3aa6b0cfd7ad6e61ec5450f6987?s=96&d=mm&r=g\",\"caption\":\"Jean-Fran\u00e7ois ROUBAUD\"},\"url\":\"https:\\\/\\\/fuveau.net\\\/index.php\\\/author\\\/jfber\\\/\"}]}<\/script>\n<!-- \/ Yoast SEO plugin. -->","yoast_head_json":{"title":"La m\u00e8re de Barth\u00e9l\u00e9my Niollon (mai 2018) - Petites et grandes Histoires de Fuveau","robots":{"index":"index","follow":"follow","max-snippet":"max-snippet:-1","max-image-preview":"max-image-preview:large","max-video-preview":"max-video-preview:-1"},"canonical":"https:\/\/fuveau.net\/index.php\/2023\/09\/03\/la-mere-de-barthelemy-niollon-mai-2018\/","og_locale":"fr_FR","og_type":"article","og_title":"La m\u00e8re de Barth\u00e9l\u00e9my Niollon (mai 2018) - Petites et grandes Histoires de Fuveau","og_description":"Cette photo unique datant des ann\u00e9es 1890 est digne d&rsquo;int\u00e9r\u00eat, tant parce qu&rsquo;il s&rsquo;agit de la m\u00e8re de Barth\u00e9l\u00e9my Niollon, que pour l&rsquo;habit proven\u00e7al qu&rsquo;elle porte que pour la qualit\u00e9 de la photo vraisemblablement due \u00e0 Suzanne, photographe qui exer\u00e7ait \u00e0 Fuveau \u00e0 l&rsquo;\u00e9poque. nous la devons \u00e0 la famille Etienne qui l&rsquo;a conserv\u00e9e religieusement [&hellip;]","og_url":"https:\/\/fuveau.net\/index.php\/2023\/09\/03\/la-mere-de-barthelemy-niollon-mai-2018\/","og_site_name":"Petites et grandes Histoires de Fuveau","article_published_time":"2023-09-03T16:40:46+00:00","article_modified_time":"2023-11-01T16:50:53+00:00","og_image":[{"url":"https:\/\/fuveau.net\/wp-content\/uploads\/2023\/10\/mere-barthelemy-niollon-1.jpg","type":"","width":"","height":""}],"author":"Jean-Fran\u00e7ois ROUBAUD","twitter_card":"summary_large_image","twitter_misc":{"\u00c9crit par":"Jean-Fran\u00e7ois ROUBAUD"},"schema":{"@context":"https:\/\/schema.org","@graph":[{"@type":"Article","@id":"https:\/\/fuveau.net\/index.php\/2023\/09\/03\/la-mere-de-barthelemy-niollon-mai-2018\/#article","isPartOf":{"@id":"https:\/\/fuveau.net\/index.php\/2023\/09\/03\/la-mere-de-barthelemy-niollon-mai-2018\/"},"author":{"name":"Jean-Fran\u00e7ois ROUBAUD","@id":"https:\/\/fuveau.net\/#\/schema\/person\/2334ed46226babe19f16b8c36a23e39d"},"headline":"La m\u00e8re de Barth\u00e9l\u00e9my Niollon (mai 2018)","datePublished":"2023-09-03T16:40:46+00:00","dateModified":"2023-11-01T16:50:53+00:00","mainEntityOfPage":{"@id":"https:\/\/fuveau.net\/index.php\/2023\/09\/03\/la-mere-de-barthelemy-niollon-mai-2018\/"},"wordCount":104,"commentCount":0,"publisher":{"@id":"https:\/\/fuveau.net\/#organization"},"image":{"@id":"https:\/\/fuveau.net\/index.php\/2023\/09\/03\/la-mere-de-barthelemy-niollon-mai-2018\/#primaryimage"},"thumbnailUrl":"https:\/\/fuveau.net\/wp-content\/uploads\/2023\/10\/mere-barthelemy-niollon-1.jpg","articleSection":["Personnages"],"inLanguage":"fr-FR","potentialAction":[{"@type":"CommentAction","name":"Comment","target":["https:\/\/fuveau.net\/index.php\/2023\/09\/03\/la-mere-de-barthelemy-niollon-mai-2018\/#respond"]}]},{"@type":"WebPage","@id":"https:\/\/fuveau.net\/index.php\/2023\/09\/03\/la-mere-de-barthelemy-niollon-mai-2018\/","url":"https:\/\/fuveau.net\/index.php\/2023\/09\/03\/la-mere-de-barthelemy-niollon-mai-2018\/","name":"La m\u00e8re de Barth\u00e9l\u00e9my Niollon (mai 2018) - Petites et grandes Histoires de Fuveau","isPartOf":{"@id":"https:\/\/fuveau.net\/#website"},"primaryImageOfPage":{"@id":"https:\/\/fuveau.net\/index.php\/2023\/09\/03\/la-mere-de-barthelemy-niollon-mai-2018\/#primaryimage"},"image":{"@id":"https:\/\/fuveau.net\/index.php\/2023\/09\/03\/la-mere-de-barthelemy-niollon-mai-2018\/#primaryimage"},"thumbnailUrl":"https:\/\/fuveau.net\/wp-content\/uploads\/2023\/10\/mere-barthelemy-niollon-1.jpg","datePublished":"2023-09-03T16:40:46+00:00","dateModified":"2023-11-01T16:50:53+00:00","breadcrumb":{"@id":"https:\/\/fuveau.net\/index.php\/2023\/09\/03\/la-mere-de-barthelemy-niollon-mai-2018\/#breadcrumb"},"inLanguage":"fr-FR","potentialAction":[{"@type":"ReadAction","target":["https:\/\/fuveau.net\/index.php\/2023\/09\/03\/la-mere-de-barthelemy-niollon-mai-2018\/"]}]},{"@type":"ImageObject","inLanguage":"fr-FR","@id":"https:\/\/fuveau.net\/index.php\/2023\/09\/03\/la-mere-de-barthelemy-niollon-mai-2018\/#primaryimage","url":"https:\/\/fuveau.net\/wp-content\/uploads\/2023\/10\/mere-barthelemy-niollon-1.jpg","contentUrl":"https:\/\/fuveau.net\/wp-content\/uploads\/2023\/10\/mere-barthelemy-niollon-1.jpg","width":477,"height":758},{"@type":"BreadcrumbList","@id":"https:\/\/fuveau.net\/index.php\/2023\/09\/03\/la-mere-de-barthelemy-niollon-mai-2018\/#breadcrumb","itemListElement":[{"@type":"ListItem","position":1,"name":"Accueil","item":"https:\/\/fuveau.net\/"},{"@type":"ListItem","position":2,"name":"Personnages qui ont marqu\u00e9 Fuveau","item":"https:\/\/fuveau.net\/index.php\/personnages-qui-ont-marque-fuveau-2\/"},{"@type":"ListItem","position":3,"name":"La m\u00e8re de Barth\u00e9l\u00e9my Niollon (mai 2018)"}]},{"@type":"WebSite","@id":"https:\/\/fuveau.net\/#website","url":"https:\/\/fuveau.net\/","name":"Petites et grandes Histoires de Fuveau","description":"Site patrimonial de l&#039;histoire de Fuveau","publisher":{"@id":"https:\/\/fuveau.net\/#organization"},"potentialAction":[{"@type":"SearchAction","target":{"@type":"EntryPoint","urlTemplate":"https:\/\/fuveau.net\/?s={search_term_string}"},"query-input":{"@type":"PropertyValueSpecification","valueRequired":true,"valueName":"search_term_string"}}],"inLanguage":"fr-FR"},{"@type":"Organization","@id":"https:\/\/fuveau.net\/#organization","name":"Petites et grandes Histoires de Fuveau","url":"https:\/\/fuveau.net\/","logo":{"@type":"ImageObject","inLanguage":"fr-FR","@id":"https:\/\/fuveau.net\/#\/schema\/logo\/image\/","url":"https:\/\/fuveau.net\/wp-content\/uploads\/2023\/09\/logo-1.jpg","contentUrl":"https:\/\/fuveau.net\/wp-content\/uploads\/2023\/09\/logo-1.jpg","width":815,"height":415,"caption":"Petites et grandes Histoires de Fuveau"},"image":{"@id":"https:\/\/fuveau.net\/#\/schema\/logo\/image\/"}},{"@type":"Person","@id":"https:\/\/fuveau.net\/#\/schema\/person\/2334ed46226babe19f16b8c36a23e39d","name":"Jean-Fran\u00e7ois ROUBAUD","image":{"@type":"ImageObject","inLanguage":"fr-FR","@id":"https:\/\/secure.gravatar.com\/avatar\/7aefd90c55045efd1b1d8cf411892125747ae3aa6b0cfd7ad6e61ec5450f6987?s=96&d=mm&r=g","url":"https:\/\/secure.gravatar.com\/avatar\/7aefd90c55045efd1b1d8cf411892125747ae3aa6b0cfd7ad6e61ec5450f6987?s=96&d=mm&r=g","contentUrl":"https:\/\/secure.gravatar.com\/avatar\/7aefd90c55045efd1b1d8cf411892125747ae3aa6b0cfd7ad6e61ec5450f6987?s=96&d=mm&r=g","caption":"Jean-Fran\u00e7ois ROUBAUD"},"url":"https:\/\/fuveau.net\/index.php\/author\/jfber\/"}]}},"uagb_featured_image_src":{"full":false,"thumbnail":false,"medium":false,"medium_large":false,"large":false,"1536x1536":false,"2048x2048":false,"post-image":false},"uagb_author_info":{"display_name":"Jean-Fran\u00e7ois ROUBAUD","author_link":"https:\/\/fuveau.net\/index.php\/author\/jfber\/"},"uagb_comment_info":2,"uagb_excerpt":"Cette photo unique datant des ann\u00e9es 1890 est digne d&rsquo;int\u00e9r\u00eat, tant parce qu&rsquo;il s&rsquo;agit de la m\u00e8re de Barth\u00e9l\u00e9my Niollon, que pour l&rsquo;habit proven\u00e7al qu&rsquo;elle porte que pour la qualit\u00e9 de la photo vraisemblablement due \u00e0 Suzanne, photographe qui exer\u00e7ait \u00e0 Fuveau \u00e0 l&rsquo;\u00e9poque. nous la devons \u00e0 la famille Etienne qui l&rsquo;a conserv\u00e9e religieusement\u2026","_links":{"self":[{"href":"https:\/\/fuveau.net\/index.php\/wp-json\/wp\/v2\/posts\/234","targetHints":{"allow":["GET"]}}],"collection":[{"href":"https:\/\/fuveau.net\/index.php\/wp-json\/wp\/v2\/posts"}],"about":[{"href":"https:\/\/fuveau.net\/index.php\/wp-json\/wp\/v2\/types\/post"}],"author":[{"embeddable":true,"href":"https:\/\/fuveau.net\/index.php\/wp-json\/wp\/v2\/users\/3"}],"replies":[{"embeddable":true,"href":"https:\/\/fuveau.net\/index.php\/wp-json\/wp\/v2\/comments?post=234"}],"version-history":[{"count":3,"href":"https:\/\/fuveau.net\/index.php\/wp-json\/wp\/v2\/posts\/234\/revisions"}],"predecessor-version":[{"id":2310,"href":"https:\/\/fuveau.net\/index.php\/wp-json\/wp\/v2\/posts\/234\/revisions\/2310"}],"wp:attachment":[{"href":"https:\/\/fuveau.net\/index.php\/wp-json\/wp\/v2\/media?parent=234"}],"wp:term":[{"taxonomy":"category","embeddable":true,"href":"https:\/\/fuveau.net\/index.php\/wp-json\/wp\/v2\/categories?post=234"},{"taxonomy":"post_tag","embeddable":true,"href":"https:\/\/fuveau.net\/index.php\/wp-json\/wp\/v2\/tags?post=234"}],"curies":[{"name":"wp","href":"https:\/\/api.w.org\/{rel}","templated":true}]}}